{"id":2356,"date":"2025-05-01T13:30:11","date_gmt":"2025-05-01T11:30:11","guid":{"rendered":"https:\/\/sosracismemoselle.org\/?p=2356"},"modified":"2025-08-04T07:36:25","modified_gmt":"2025-08-04T05:36:25","slug":"a-delme-et-metz-pour-honorer-la-memoire-des-deportes-juifs","status":"publish","type":"post","link":"https:\/\/sosracismemoselle.org\/index.php\/2025\/05\/01\/a-delme-et-metz-pour-honorer-la-memoire-des-deportes-juifs\/","title":{"rendered":"\u00c0 Delme et Metz pour honorer la m\u00e9moire des d\u00e9port\u00e9s juifs"},"content":{"rendered":"<div class=\"fusion-fullwidth fullwidth-box fusion-builder-row-1 fusion-flex-container has-pattern-background has-mask-background nonhundred-percent-fullwidth non-hundred-percent-height-scrolling\" style=\"--awb-border-radius-top-left:0px;--awb-border-radius-top-right:0px;--awb-border-radius-bottom-right:0px;--awb-border-radius-bottom-left:0px;--awb-flex-wrap:wrap;\" ><div class=\"fusion-builder-row fusion-row fusion-flex-align-items-flex-start fusion-flex-content-wrap\" style=\"max-width:1123.2px;margin-left: calc(-4% \/ 2 );margin-right: calc(-4% \/ 2 );\"><div class=\"fusion-layout-column fusion_builder_column fusion-builder-column-0 fusion_builder_column_1_1 1_1 fusion-flex-column\" style=\"--awb-bg-size:cover;--awb-width-large:100%;--awb-margin-top-large:0px;--awb-spacing-right-large:1.92%;--awb-margin-bottom-large:20px;--awb-spacing-left-large:1.92%;--awb-width-medium:100%;--awb-order-medium:0;--awb-spacing-right-medium:1.92%;--awb-spacing-left-medium:1.92%;--awb-width-small:100%;--awb-order-small:0;--awb-spacing-right-small:1.92%;--awb-spacing-left-small:1.92%;\"><div class=\"fusion-column-wrapper fusion-column-has-shadow fusion-flex-justify-content-flex-start fusion-content-layout-column\"><div class=\"fusion-title title fusion-title-1 fusion-sep-none fusion-title-text fusion-title-size-one\"><h1 class=\"fusion-title-heading title-heading-left\" style=\"margin:0;\"><\/h1><\/div><div class=\"fusion-text fusion-text-1\"><div class=\"flex max-w-full flex-col flex-grow\">\n<div class=\"xdj266r x14z9mp xat24cr x1lziwak x1vvkbs x126k92a\">\n<div dir=\"auto\">Pr\u00e9sents \u00e0 Delme et Metz \u00e0 l\u2019invitation d\u2019Alain cerf, pr\u00e9sident de l\u2019association Stolpersteine Lorraine, pour la pose de pav\u00e9s m\u00e9moriels (Stolpersteine) en hommage aux victimes de la d\u00e9portation.<\/div>\n<\/div>\n<div class=\"x14z9mp xat24cr x1lziwak x1vvkbs xtlvy1s x126k92a\">\n<div dir=\"auto\">\u00c0 Delme, cinq pav\u00e9s ont \u00e9t\u00e9 pos\u00e9s devant l\u2019ancienne synagogue, en m\u00e9moire de cinq Delmois juifs d\u00e9port\u00e9s et assassin\u00e9s par les nazis. Ce geste symbolique permet de rendre visibles les noms et les histoires de ceux que l\u2019on a tent\u00e9 d\u2019effacer : pour que personne n\u2019oublie.<\/div>\n<\/div>\n<div class=\"x14z9mp xat24cr x1lziwak x1vvkbs xtlvy1s x126k92a\">\n<div dir=\"auto\">\u00c0 Metz, cinq nouveaux Stolpersteine ont \u00e9galement \u00e9t\u00e9 install\u00e9s en m\u00e9moire de Marthe Cohn, sa s\u0153ur St\u00e9phanie Hoffnung, \u00c9lie Bloch, son \u00e9pouse Georgette Bloch et leur fille Myriam, toutes victimes de la barbarie nazie.<\/div>\n<\/div>\n<div class=\"x14z9mp xat24cr x1lziwak x1vvkbs xtlvy1s x126k92a\">\n<div dir=\"auto\">Les Stolpersteine, ou \u00ab pierres d\u2019achoppement \u00bb, sont une \u0153uvre de m\u00e9moire initi\u00e9e en 1992 par l\u2019artiste allemand Gunter Demnig. Chaque pav\u00e9 rappelle qu\u2019ici a v\u00e9cu une personne d\u00e9port\u00e9e. Une personne avec un nom, une famille, une vie.<\/div>\n<\/div>\n<div class=\"x14z9mp xat24cr x1lziwak x1vvkbs xtlvy1s x126k92a\">\n<div dir=\"auto\"><span class=\"html-span xexx8yu xyri2b x18d9i69 x1c1uobl x1hl2dhg x16tdsg8 x1vvkbs x3nfvp2 x1j61x8r x1fcty0u xdj266r xat24cr xm2jcoa x1mpyi22 xxymvpz xlup9mm x1kky2od\"><img decoding=\"async\" class=\"xz74otr x15mokao x1ga7v0g x16uus16 xbiv7yw\" src=\"https:\/\/static.xx.fbcdn.net\/images\/emoji.php\/v9\/t1f\/2\/16\/1f64f.png\" alt=\"\ud83d\ude4f\" width=\"16\" height=\"16\" \/><\/span> Dans un contexte o\u00f9 la haine, l\u2019antis\u00e9mitisme et le racisme se banalisent dangereusement, le travail de m\u00e9moire est plus que jamais important. Notre engagement contre le racisme, l\u2019antis\u00e9mitisme et toutes les formes de discrimination repose aussi sur cette transmission : rappeler les visages, les parcours et les drames humains pour ne jamais laisser l\u2019oubli et l\u2019indiff\u00e9rence reprendre le dessus.<\/div>\n<\/div>\n<\/div>\n<\/div><\/div><\/div><\/div><\/div>\n","protected":false},"excerpt":{"rendered":"","protected":false},"author":3,"featured_media":2357,"comment_status":"open","ping_status":"open","sticky":false,"template":"","format":"standard","meta":{"footnotes":""},"categories":[196],"tags":[],"class_list":["post-2356","post","type-post","status-publish","format-standard","has-post-thumbnail","hentry","category-mobilisation-citoyenne"],"aioseo_notices":[],"_links":{"self":[{"href":"https:\/\/sosracismemoselle.org\/index.php\/wp-json\/wp\/v2\/posts\/2356","targetHints":{"allow":["GET"]}}],"collection":[{"href":"https:\/\/sosracismemoselle.org\/index.php\/wp-json\/wp\/v2\/posts"}],"about":[{"href":"https:\/\/sosracismemoselle.org\/index.php\/wp-json\/wp\/v2\/types\/post"}],"author":[{"embeddable":true,"href":"https:\/\/sosracismemoselle.org\/index.php\/wp-json\/wp\/v2\/users\/3"}],"replies":[{"embeddable":true,"href":"https:\/\/sosracismemoselle.org\/index.php\/wp-json\/wp\/v2\/comments?post=2356"}],"version-history":[{"count":1,"href":"https:\/\/sosracismemoselle.org\/index.php\/wp-json\/wp\/v2\/posts\/2356\/revisions"}],"predecessor-version":[{"id":2358,"href":"https:\/\/sosracismemoselle.org\/index.php\/wp-json\/wp\/v2\/posts\/2356\/revisions\/2358"}],"wp:featuredmedia":[{"embeddable":true,"href":"https:\/\/sosracismemoselle.org\/index.php\/wp-json\/wp\/v2\/media\/2357"}],"wp:attachment":[{"href":"https:\/\/sosracismemoselle.org\/index.php\/wp-json\/wp\/v2\/media?parent=2356"}],"wp:term":[{"taxonomy":"category","embeddable":true,"href":"https:\/\/sosracismemoselle.org\/index.php\/wp-json\/wp\/v2\/categories?post=2356"},{"taxonomy":"post_tag","embeddable":true,"href":"https:\/\/sosracismemoselle.org\/index.php\/wp-json\/wp\/v2\/tags?post=2356"}],"curies":[{"name":"wp","href":"https:\/\/api.w.org\/{rel}","templated":true}]}}