{"id":2353,"date":"2025-05-23T17:18:11","date_gmt":"2025-05-23T15:18:11","guid":{"rendered":"https:\/\/sosracismemoselle.org\/?p=2353"},"modified":"2025-08-04T07:23:11","modified_gmt":"2025-08-04T05:23:11","slug":"23-mai-journee-nationale-en-hommage-aux-victimes-de-lesclavage-colonial","status":"publish","type":"post","link":"https:\/\/sosracismemoselle.org\/index.php\/2025\/05\/23\/23-mai-journee-nationale-en-hommage-aux-victimes-de-lesclavage-colonial\/","title":{"rendered":"23 mai \u2013 Journ\u00e9e nationale en hommage aux victimes de l\u2019esclavage colonial"},"content":{"rendered":"<div class=\"fusion-fullwidth fullwidth-box fusion-builder-row-1 fusion-flex-container has-pattern-background has-mask-background nonhundred-percent-fullwidth non-hundred-percent-height-scrolling\" style=\"--awb-border-radius-top-left:0px;--awb-border-radius-top-right:0px;--awb-border-radius-bottom-right:0px;--awb-border-radius-bottom-left:0px;--awb-flex-wrap:wrap;\" ><div class=\"fusion-builder-row fusion-row fusion-flex-align-items-flex-start fusion-flex-content-wrap\" style=\"max-width:1123.2px;margin-left: calc(-4% \/ 2 );margin-right: calc(-4% \/ 2 );\"><div class=\"fusion-layout-column fusion_builder_column fusion-builder-column-0 fusion_builder_column_1_1 1_1 fusion-flex-column\" style=\"--awb-bg-size:cover;--awb-width-large:100%;--awb-margin-top-large:0px;--awb-spacing-right-large:1.92%;--awb-margin-bottom-large:20px;--awb-spacing-left-large:1.92%;--awb-width-medium:100%;--awb-order-medium:0;--awb-spacing-right-medium:1.92%;--awb-spacing-left-medium:1.92%;--awb-width-small:100%;--awb-order-small:0;--awb-spacing-right-small:1.92%;--awb-spacing-left-small:1.92%;\"><div class=\"fusion-column-wrapper fusion-column-has-shadow fusion-flex-justify-content-flex-start fusion-content-layout-column\"><div class=\"fusion-title title fusion-title-1 fusion-sep-none fusion-title-text fusion-title-size-one\"><h1 class=\"fusion-title-heading title-heading-left\" style=\"margin:0;\"><\/h1><\/div><div class=\"fusion-text fusion-text-1\"><div class=\"flex max-w-full flex-col flex-grow\">\n<div class=\"xdj266r x14z9mp xat24cr x1lziwak x1vvkbs x126k92a\">\n<div dir=\"auto\">\u00c0 l\u2019occasion de la Journ\u00e9e nationale en hommage aux victimes de l\u2019esclavage colonial, nous tenons \u00e0 rappeler que l\u2019histoire coloniale, ses violences et ses h\u00e9ritages, ne peuvent \u00eatre occult\u00e9s si l\u2019on veut v\u00e9ritablement lutter contre le racisme aujourd\u2019hui.<\/div>\n<\/div>\n<div class=\"x14z9mp xat24cr x1lziwak x1vvkbs xtlvy1s x126k92a\">\n<div dir=\"auto\">L&#8217;esclavage et la colonisation ne sont pas des parenth\u00e8ses de l\u2019histoire. Ce sont des fondements du racisme structurel qui persiste encore aujourd\u2019hui. On ne peut combattre le racisme sans en comprendre les racines. De la m\u00eame mani\u00e8re qu\u2019il est impensable de parler d\u2019antis\u00e9mitisme sans \u00e9voquer la Shoah, il est inacceptable de taire l\u2019histoire de l\u2019esclavage commis par la France.<\/div>\n<\/div>\n<div class=\"x14z9mp xat24cr x1lziwak x1vvkbs xtlvy1s x126k92a\">\n<div dir=\"auto\">Deux actualit\u00e9s r\u00e9centes illustrent combien ce silence p\u00e8se encore sur notre soci\u00e9t\u00e9 :<\/div>\n<\/div>\n<div class=\"x14z9mp xat24cr x1lziwak x1vvkbs xtlvy1s x126k92a\">\n<div dir=\"auto\">\u2022 Le 27 avril dernier, le pr\u00e9sident Emmanuel Macron a reconnu, pour la premi\u00e8re fois, l\u2019injustice historique de la dette impos\u00e9e \u00e0 Ha\u00efti en 1825 en \u00e9change de sa libert\u00e9. Cette &#8220;ran\u00e7on de l\u2019ind\u00e9pendance&#8221;, extorqu\u00e9e sous la menace militaire, a plong\u00e9 Ha\u00efti dans une spirale d\u2019appauvrissement qui dure encore. Ce geste politique, bien que significatif, reste insuffisant sans engagement clair vers des r\u00e9parations concr\u00e8tes.<\/div>\n<\/div>\n<div class=\"x14z9mp xat24cr x1lziwak x1vvkbs xtlvy1s x126k92a\">\n<div dir=\"auto\">\u2022 Le 13 mai, Fran\u00e7ois Bayrou a annonc\u00e9 qu\u2019un projet de loi serait pr\u00e9sent\u00e9 pour abroger formellement le Code noir, \u00e9dit\u00e9 en 1685. Ce texte, jamais officiellement annul\u00e9, r\u00e9duisait les esclaves au rang de biens meubles. Il est inadmissible qu\u2019un tel texte inf\u00e2me demeure juridiquement intact dans notre R\u00e9publique.<\/div>\n<\/div>\n<div class=\"x14z9mp xat24cr x1lziwak x1vvkbs xtlvy1s x126k92a\">\n<div dir=\"auto\">Ces deux annonces, bien qu\u2019importantes, sont tardives. Elles d\u00e9montrent le vide b\u00e9ant laiss\u00e9 par l\u2019absence de d\u00e9bat national sur l\u2019histoire coloniale fran\u00e7aise. Le fait m\u00eame que de nombreux \u00e9l\u00e8ves terminent leur scolarit\u00e9 sans jamais prendre conscience du Code noir, de la traite n\u00e9gri\u00e8re fran\u00e7aise ou de l\u2019abolition de 1848 est symptomatique d\u2019un refoulement collectif.<\/div>\n<\/div>\n<div class=\"x14z9mp xat24cr x1lziwak x1vvkbs xtlvy1s x126k92a\">\n<div dir=\"auto\">C\u2019est pourquoi, en cette journ\u00e9e du 23 mai, nous appelons \u00e0 une v\u00e9ritable reconnaissance, institutionnelle et \u00e9ducative, de cette histoire. Il ne peut y avoir de coh\u00e9sion nationale sans m\u00e9moire partag\u00e9e.<\/div>\n<\/div>\n<\/div>\n<\/div><\/div><\/div><\/div><\/div>\n","protected":false},"excerpt":{"rendered":"","protected":false},"author":3,"featured_media":2354,"comment_status":"open","ping_status":"open","sticky":false,"template":"","format":"standard","meta":{"footnotes":""},"categories":[196],"tags":[],"class_list":["post-2353","post","type-post","status-publish","format-standard","has-post-thumbnail","hentry","category-mobilisation-citoyenne"],"aioseo_notices":[],"_links":{"self":[{"href":"https:\/\/sosracismemoselle.org\/index.php\/wp-json\/wp\/v2\/posts\/2353","targetHints":{"allow":["GET"]}}],"collection":[{"href":"https:\/\/sosracismemoselle.org\/index.php\/wp-json\/wp\/v2\/posts"}],"about":[{"href":"https:\/\/sosracismemoselle.org\/index.php\/wp-json\/wp\/v2\/types\/post"}],"author":[{"embeddable":true,"href":"https:\/\/sosracismemoselle.org\/index.php\/wp-json\/wp\/v2\/users\/3"}],"replies":[{"embeddable":true,"href":"https:\/\/sosracismemoselle.org\/index.php\/wp-json\/wp\/v2\/comments?post=2353"}],"version-history":[{"count":1,"href":"https:\/\/sosracismemoselle.org\/index.php\/wp-json\/wp\/v2\/posts\/2353\/revisions"}],"predecessor-version":[{"id":2355,"href":"https:\/\/sosracismemoselle.org\/index.php\/wp-json\/wp\/v2\/posts\/2353\/revisions\/2355"}],"wp:featuredmedia":[{"embeddable":true,"href":"https:\/\/sosracismemoselle.org\/index.php\/wp-json\/wp\/v2\/media\/2354"}],"wp:attachment":[{"href":"https:\/\/sosracismemoselle.org\/index.php\/wp-json\/wp\/v2\/media?parent=2353"}],"wp:term":[{"taxonomy":"category","embeddable":true,"href":"https:\/\/sosracismemoselle.org\/index.php\/wp-json\/wp\/v2\/categories?post=2353"},{"taxonomy":"post_tag","embeddable":true,"href":"https:\/\/sosracismemoselle.org\/index.php\/wp-json\/wp\/v2\/tags?post=2353"}],"curies":[{"name":"wp","href":"https:\/\/api.w.org\/{rel}","templated":true}]}}