{"id":2346,"date":"2025-05-10T06:32:50","date_gmt":"2025-05-10T04:32:50","guid":{"rendered":"https:\/\/sosracismemoselle.org\/?p=2346"},"modified":"2025-08-04T06:35:30","modified_gmt":"2025-08-04T04:35:30","slug":"hommage-a-aboubakar-cisse-et-mobilisation-contre-lislamophobie","status":"publish","type":"post","link":"https:\/\/sosracismemoselle.org\/index.php\/2025\/05\/10\/hommage-a-aboubakar-cisse-et-mobilisation-contre-lislamophobie\/","title":{"rendered":"Hommage \u00e0 Aboubakar Ciss\u00e9 et mobilisation contre l\u2019islamophobie"},"content":{"rendered":"<div class=\"xdj266r x14z9mp xat24cr x1lziwak x1vvkbs x126k92a\">\n<div dir=\"auto\">Nous appellons \u00e0 une mobilisation citoyenne ce samedi 17 mai, \u00e0 partir de 10h30 \u00e0 Metz. Une marche silencieuse partira de la Place de la R\u00e9publique pour rejoindre le Parvis des Droits de l\u2019Homme, en hommage \u00e0 Aboubakar Ciss\u00e9, l\u00e2chement assassin\u00e9 le 25 avril dernier dans la mosqu\u00e9e de La Grand-Combe, dans le Gard.<\/div>\n<\/div>\n<div class=\"x14z9mp xat24cr x1lziwak x1vvkbs xtlvy1s x126k92a\">\n<div dir=\"auto\">Cette marche vise \u00e0 honorer la m\u00e9moire d\u2019un fid\u00e8le musulman, victime d\u2019une agression aussi barbare qu\u2019inacceptable, et \u00e0 d\u00e9noncer avec force la recrudescence des actes islamophobes. Le lieu de ce crime, une mosqu\u00e9e, symbole de paix et de recueillement, ainsi que le profil de la victime, cibl\u00e9e en plein moment de pri\u00e8re, t\u00e9moignent de l\u2019exacerbation de la haine islamophobe qui gangr\u00e8ne notre soci\u00e9t\u00e9.<\/div>\n<\/div>\n<div class=\"x14z9mp xat24cr x1lziwak x1vvkbs xtlvy1s x126k92a\">\n<div dir=\"auto\">Face \u00e0 cette trag\u00e9die, plusieurs associations se sont r\u00e9unies autour de la Grande Mosqu\u00e9e de Metz pour affirmer leur refus de l\u2019islamophobie et de toutes les formes de haine et de racisme.<\/div>\n<div dir=\"auto\">Le collectif exige que toute la lumi\u00e8re soit faite sur cet acte islamophobe et antimusulman, maintenant que le meurtrier s\u2019est rendu \u00e0 la justice. Au-del\u00e0 de l\u2019\u00e9motion, il est imp\u00e9ratif que des mesures concr\u00e8tes soient prises pour condamner fermement toute parole ou acte incitant \u00e0 la haine et \u00e0 la division.<\/div>\n<\/div>\n<div class=\"x14z9mp xat24cr x1lziwak x1vvkbs xtlvy1s x126k92a\">\n<div dir=\"auto\">Parce qu\u2019aucune croyance ne justifie la violence, parce que le vivre-ensemble est notre bien commun, nous vous appelons \u00e0 nous rejoindre massivement ce samedi pour rendre hommage \u00e0 Aboubakar Ciss\u00e9 et dire ensemble : non \u00e0 l\u2019islamophobie, non \u00e0 la haine.<\/div>\n<\/div>\n<div class=\"x14z9mp xat24cr x1lziwak x1vvkbs xtlvy1s x126k92a\">\n<div dir=\"auto\">Rendez-vous :<\/div>\n<div dir=\"auto\">Samedi 17 mai 2025 \u00e0 10h30 Place de la R\u00e9publique \u00e0 Metz, jusqu\u2019au Parvis des Droits de l\u2019Homme<\/div>\n<\/div>\n","protected":false},"excerpt":{"rendered":"<p>Nous appellons \u00e0 une mobilisation citoyenne ce samedi 17 mai,  [&#8230;]<\/p>\n","protected":false},"author":3,"featured_media":2347,"comment_status":"closed","ping_status":"closed","sticky":false,"template":"","format":"standard","meta":{"footnotes":""},"categories":[196],"tags":[],"class_list":["post-2346","post","type-post","status-publish","format-standard","has-post-thumbnail","hentry","category-mobilisation-citoyenne"],"aioseo_notices":[],"_links":{"self":[{"href":"https:\/\/sosracismemoselle.org\/index.php\/wp-json\/wp\/v2\/posts\/2346","targetHints":{"allow":["GET"]}}],"collection":[{"href":"https:\/\/sosracismemoselle.org\/index.php\/wp-json\/wp\/v2\/posts"}],"about":[{"href":"https:\/\/sosracismemoselle.org\/index.php\/wp-json\/wp\/v2\/types\/post"}],"author":[{"embeddable":true,"href":"https:\/\/sosracismemoselle.org\/index.php\/wp-json\/wp\/v2\/users\/3"}],"replies":[{"embeddable":true,"href":"https:\/\/sosracismemoselle.org\/index.php\/wp-json\/wp\/v2\/comments?post=2346"}],"version-history":[{"count":1,"href":"https:\/\/sosracismemoselle.org\/index.php\/wp-json\/wp\/v2\/posts\/2346\/revisions"}],"predecessor-version":[{"id":2348,"href":"https:\/\/sosracismemoselle.org\/index.php\/wp-json\/wp\/v2\/posts\/2346\/revisions\/2348"}],"wp:featuredmedia":[{"embeddable":true,"href":"https:\/\/sosracismemoselle.org\/index.php\/wp-json\/wp\/v2\/media\/2347"}],"wp:attachment":[{"href":"https:\/\/sosracismemoselle.org\/index.php\/wp-json\/wp\/v2\/media?parent=2346"}],"wp:term":[{"taxonomy":"category","embeddable":true,"href":"https:\/\/sosracismemoselle.org\/index.php\/wp-json\/wp\/v2\/categories?post=2346"},{"taxonomy":"post_tag","embeddable":true,"href":"https:\/\/sosracismemoselle.org\/index.php\/wp-json\/wp\/v2\/tags?post=2346"}],"curies":[{"name":"wp","href":"https:\/\/api.w.org\/{rel}","templated":true}]}}