{"id":2316,"date":"2023-09-29T16:26:09","date_gmt":"2023-09-29T14:26:09","guid":{"rendered":"https:\/\/sosracismemoselle.org\/?p=2316"},"modified":"2024-10-26T16:29:11","modified_gmt":"2024-10-26T14:29:11","slug":"non-a-la-discrimination-decomplexee","status":"publish","type":"post","link":"https:\/\/sosracismemoselle.org\/index.php\/2023\/09\/29\/non-a-la-discrimination-decomplexee\/","title":{"rendered":"Non \u00e0 la discrimination d\u00e9complex\u00e9e"},"content":{"rendered":"<div class=\"fusion-fullwidth fullwidth-box fusion-builder-row-1 fusion-flex-container has-pattern-background has-mask-background nonhundred-percent-fullwidth non-hundred-percent-height-scrolling\" style=\"--awb-border-radius-top-left:0px;--awb-border-radius-top-right:0px;--awb-border-radius-bottom-right:0px;--awb-border-radius-bottom-left:0px;--awb-flex-wrap:wrap;\" ><div class=\"fusion-builder-row fusion-row fusion-flex-align-items-flex-start fusion-flex-content-wrap\" style=\"max-width:1123.2px;margin-left: calc(-4% \/ 2 );margin-right: calc(-4% \/ 2 );\"><div class=\"fusion-layout-column fusion_builder_column fusion-builder-column-0 fusion_builder_column_1_1 1_1 fusion-flex-column\" style=\"--awb-bg-size:cover;--awb-width-large:100%;--awb-margin-top-large:0px;--awb-spacing-right-large:1.92%;--awb-margin-bottom-large:20px;--awb-spacing-left-large:1.92%;--awb-width-medium:100%;--awb-order-medium:0;--awb-spacing-right-medium:1.92%;--awb-spacing-left-medium:1.92%;--awb-width-small:100%;--awb-order-small:0;--awb-spacing-right-small:1.92%;--awb-spacing-left-small:1.92%;\"><div class=\"fusion-column-wrapper fusion-column-has-shadow fusion-flex-justify-content-flex-start fusion-content-layout-column\"><div class=\"fusion-title title fusion-title-1 fusion-sep-none fusion-title-text fusion-title-size-one\"><h1 class=\"fusion-title-heading title-heading-left\" style=\"margin:0;\"><\/h1><\/div><div class=\"fusion-text fusion-text-1\"><div class=\"flex max-w-full flex-col flex-grow\">\n<div class=\"min-h-8 text-message flex w-full flex-col items-end gap-2 whitespace-normal break-words &#091;.text-message+&amp;&#093;:mt-5\" dir=\"auto\" data-message-author-role=\"assistant\" data-message-id=\"562350fa-1aca-4339-81c4-6a45646c9bdb\" data-message-model-slug=\"gpt-4o\">\n<div class=\"flex w-full flex-col gap-1 empty:hidden first:pt-&#091;3px&#093;\">\n<div class=\"markdown prose w-full break-words dark:prose-invert light\">\n<div class=\"xdj266r x11i5rnm xat24cr x1mh8g0r x1vvkbs x126k92a\">\n<div dir=\"auto\">On ne peut pas rester silencieux face aux \u00e9v\u00e9nements qui r\u00e9v\u00e8lent une r\u00e9alit\u00e9 alarmante dans notre pays. Ces actes discriminatoires, aussi choquants que d\u00e9plorables, mettent en lumi\u00e8re la n\u00e9cessit\u00e9 urgente de combattre le racisme et l&#8217;homophobie de mani\u00e8re intransigeante.<\/div>\n<\/div>\n<div class=\"x11i5rnm xat24cr x1mh8g0r x1vvkbs xtlvy1s x126k92a\">\n<div dir=\"auto\"><span class=\"html-span xexx8yu x4uap5 x18d9i69 xkhd6sd x1hl2dhg x16tdsg8 x1vvkbs x3nfvp2 x1j61x8r x1fcty0u xdj266r xat24cr xgzva0m xhhsvwb xxymvpz xlup9mm x1kky2od\"><img decoding=\"async\" class=\"xz74otr\" src=\"https:\/\/static.xx.fbcdn.net\/images\/emoji.php\/v9\/tf0\/2\/16\/1f449.png\" alt=\"\ud83d\udc49\" width=\"16\" height=\"16\" \/><\/span> D&#8217;une part, les propos du journaliste Pascal Praud sur les punaises de lit et l&#8217;immigration sont inacceptables. \u00c9tablir un lien infond\u00e9 entre ces deux sujets est irresponsable et alimente les pr\u00e9jug\u00e9s. Nous ne pouvons tol\u00e9rer la stigmatisation de toute une population, qu&#8217;elle soit immigr\u00e9e ou non.<\/div>\n<\/div>\n<div class=\"x11i5rnm xat24cr x1mh8g0r x1vvkbs xtlvy1s x126k92a\">\n<div dir=\"auto\"><span class=\"html-span xexx8yu x4uap5 x18d9i69 xkhd6sd x1hl2dhg x16tdsg8 x1vvkbs x3nfvp2 x1j61x8r x1fcty0u xdj266r xat24cr xgzva0m xhhsvwb xxymvpz xlup9mm x1kky2od\"><img decoding=\"async\" class=\"xz74otr\" src=\"https:\/\/static.xx.fbcdn.net\/images\/emoji.php\/v9\/tf0\/2\/16\/1f449.png\" alt=\"\ud83d\udc49\" width=\"16\" height=\"16\" \/><\/span> D&#8217;autre part, les chants injurieux et homophobes prof\u00e9r\u00e9s lors du match PSG -OM le week-end dernier, sont une honte pour le sport et pour notre soci\u00e9t\u00e9. Il est grand temps d&#8217;agir avec une d\u00e9termination sans faille pour \u00e9radiquer ces comportements d\u00e9gradants dans les enceintes sportives. Les sanctions doivent \u00eatre \u00e0 la hauteur de l&#8217;ignominie de ces actes.<\/div>\n<\/div>\n<div class=\"x11i5rnm xat24cr x1mh8g0r x1vvkbs xtlvy1s x126k92a\">\n<div dir=\"auto\">Nous exigeons plus de fermet\u00e9, des mesures concr\u00e8tes et des campagnes de sensibilisation continues pour \u00e9duquer et \u00e9veiller les consciences.<\/div>\n<\/div>\n<div class=\"x11i5rnm xat24cr x1mh8g0r x1vvkbs xtlvy1s x126k92a\">\n<div dir=\"auto\">Nous ne tol\u00e9rerons jamais le racisme et l&#8217;homophobie d\u00e9complex\u00e9s dans notre soci\u00e9t\u00e9.<\/div>\n<\/div>\n<\/div>\n<\/div>\n<\/div>\n<\/div>\n<\/div><\/div><\/div><\/div><\/div>\n","protected":false},"excerpt":{"rendered":"","protected":false},"author":3,"featured_media":2166,"comment_status":"open","ping_status":"open","sticky":false,"template":"","format":"standard","meta":{"footnotes":""},"categories":[196],"tags":[],"class_list":["post-2316","post","type-post","status-publish","format-standard","has-post-thumbnail","hentry","category-mobilisation-citoyenne"],"aioseo_notices":[],"_links":{"self":[{"href":"https:\/\/sosracismemoselle.org\/index.php\/wp-json\/wp\/v2\/posts\/2316","targetHints":{"allow":["GET"]}}],"collection":[{"href":"https:\/\/sosracismemoselle.org\/index.php\/wp-json\/wp\/v2\/posts"}],"about":[{"href":"https:\/\/sosracismemoselle.org\/index.php\/wp-json\/wp\/v2\/types\/post"}],"author":[{"embeddable":true,"href":"https:\/\/sosracismemoselle.org\/index.php\/wp-json\/wp\/v2\/users\/3"}],"replies":[{"embeddable":true,"href":"https:\/\/sosracismemoselle.org\/index.php\/wp-json\/wp\/v2\/comments?post=2316"}],"version-history":[{"count":1,"href":"https:\/\/sosracismemoselle.org\/index.php\/wp-json\/wp\/v2\/posts\/2316\/revisions"}],"predecessor-version":[{"id":2317,"href":"https:\/\/sosracismemoselle.org\/index.php\/wp-json\/wp\/v2\/posts\/2316\/revisions\/2317"}],"wp:featuredmedia":[{"embeddable":true,"href":"https:\/\/sosracismemoselle.org\/index.php\/wp-json\/wp\/v2\/media\/2166"}],"wp:attachment":[{"href":"https:\/\/sosracismemoselle.org\/index.php\/wp-json\/wp\/v2\/media?parent=2316"}],"wp:term":[{"taxonomy":"category","embeddable":true,"href":"https:\/\/sosracismemoselle.org\/index.php\/wp-json\/wp\/v2\/categories?post=2316"},{"taxonomy":"post_tag","embeddable":true,"href":"https:\/\/sosracismemoselle.org\/index.php\/wp-json\/wp\/v2\/tags?post=2316"}],"curies":[{"name":"wp","href":"https:\/\/api.w.org\/{rel}","templated":true}]}}