{"id":2313,"date":"2023-10-06T10:05:51","date_gmt":"2023-10-06T08:05:51","guid":{"rendered":"https:\/\/sosracismemoselle.org\/?p=2313"},"modified":"2024-10-26T16:31:41","modified_gmt":"2024-10-26T14:31:41","slug":"sos-racisme-moselle-interpelle-larcom-sur-la-neutralite-mediatique-dans-le-traitement-des-faits-divers","status":"publish","type":"post","link":"https:\/\/sosracismemoselle.org\/index.php\/2023\/10\/06\/sos-racisme-moselle-interpelle-larcom-sur-la-neutralite-mediatique-dans-le-traitement-des-faits-divers\/","title":{"rendered":"SOS Racisme Moselle interpelle l&#8217;ARCOM sur la neutralit\u00e9 m\u00e9diatique dans le traitement des faits divers"},"content":{"rendered":"<div class=\"fusion-fullwidth fullwidth-box fusion-builder-row-1 fusion-flex-container has-pattern-background has-mask-background nonhundred-percent-fullwidth non-hundred-percent-height-scrolling\" style=\"--awb-border-radius-top-left:0px;--awb-border-radius-top-right:0px;--awb-border-radius-bottom-right:0px;--awb-border-radius-bottom-left:0px;--awb-flex-wrap:wrap;\" ><div class=\"fusion-builder-row fusion-row fusion-flex-align-items-flex-start fusion-flex-content-wrap\" style=\"max-width:1123.2px;margin-left: calc(-4% \/ 2 );margin-right: calc(-4% \/ 2 );\"><div class=\"fusion-layout-column fusion_builder_column fusion-builder-column-0 fusion_builder_column_1_1 1_1 fusion-flex-column\" style=\"--awb-bg-size:cover;--awb-width-large:100%;--awb-margin-top-large:0px;--awb-spacing-right-large:1.92%;--awb-margin-bottom-large:20px;--awb-spacing-left-large:1.92%;--awb-width-medium:100%;--awb-order-medium:0;--awb-spacing-right-medium:1.92%;--awb-spacing-left-medium:1.92%;--awb-width-small:100%;--awb-order-small:0;--awb-spacing-right-small:1.92%;--awb-spacing-left-small:1.92%;\"><div class=\"fusion-column-wrapper fusion-column-has-shadow fusion-flex-justify-content-flex-start fusion-content-layout-column\"><div class=\"fusion-text fusion-text-1\"><p><strong><em>L\u2019association SOS Racisme Moselle souhaite attirer l\u2019attention de l&#8217;ARCOM, sur une probl\u00e9matique qui nous pr\u00e9occupe profond\u00e9ment : le traitement m\u00e9diatique des faits divers, qui nous semble parfois empreint de racisme latent.<\/em><\/strong><\/p>\n<p>Bien conscients des contraintes d\u2019audience qui p\u00e8sent sur les m\u00e9dias, nous tenons cependant \u00e0 souligner l&#8217;impact insidieux des choix \u00e9ditoriaux effectu\u00e9s par ces derniers. Les m\u00e9dias, en tant qu&#8217;acteurs majeurs du contre-pouvoir, sont investis d\u2019une responsabilit\u00e9 cruciale : celle de garantir une information neutre et objective. Or, certains choix de traitement journalistique peuvent malheureusement contribuer au repli identitaire et banaliser les discriminations.<\/p>\n<p>Par exemple, mentionner la nationalit\u00e9 des auteurs de d\u00e9lits ou de crimes uniquement lorsqu\u2019ils sont d\u2019origine \u00e9trang\u00e8re donne \u00e0 cette information un poids injustifi\u00e9. Ce type de pr\u00e9cision tend \u00e0 s\u2019inscrire comme une donn\u00e9e essentielle \u00e0 l\u2019information, sans pour autant ajouter de pertinence r\u00e9elle aux faits rapport\u00e9s. Si cette mention est jug\u00e9e utile, alors la neutralit\u00e9 exige qu\u2019elle soit faite pour tous, sans distinction. Par ailleurs, certains m\u00e9dias vont m\u00eame jusqu&#8217;\u00e0 mentionner les origines \u00e9trang\u00e8res d&#8217;une personne pourtant de nationalit\u00e9 fran\u00e7aise, soulevant une question : jusqu\u2019o\u00f9 doit-on remonter dans l\u2019arbre g\u00e9n\u00e9alogique pour juger l&#8217;information pertinente ?<\/p>\n<p>Cette approche \u00e9ditoriale n\u2019est pas un d\u00e9tail. Elle participe \u00e0 la propagation d\u2019un racisme d\u00e9complex\u00e9 et encourage des amalgames dangereux dans l\u2019esprit du public, d\u00e9j\u00e0 satur\u00e9 d\u2019informations. Dans ce contexte, il devient difficile pour chacun de prendre le recul n\u00e9cessaire pour distinguer l\u2019essentiel de l\u2019accessoire, ce qui peut inciter \u00e0 une d\u00e9fiance envers les personnes per\u00e7ues comme \u00ab \u00e9trang\u00e8res \u00bb.<\/p>\n<p>Un exemple r\u00e9cent de cette d\u00e9rive concerne la couverture d\u2019un sujet sur les punaises de lit par CNEWS, o\u00f9 un lien infond\u00e9 avec l&#8217;immigration a \u00e9t\u00e9 \u00e9tabli. Cette association d\u00e9plac\u00e9e entre deux sujets distincts, r\u00e9alis\u00e9e par le journaliste Pascal Praud, illustre le danger de ces raccourcis \u00e9ditoriaux qui alimentent les pr\u00e9jug\u00e9s et favorisent la stigmatisation.<\/p>\n<p>Face \u00e0 ces constats, nous appelons \u00e0 une r\u00e9flexion collective et esp\u00e9rons instaurer un dialogue constructif avec les acteurs de l\u2019audiovisuel pour faire \u00e9voluer les pratiques m\u00e9diatiques vers plus d\u2019\u00e9quit\u00e9 et de responsabilit\u00e9. Dans cette lutte commune contre les discriminations, nous comptons sur l&#8217;ARCOM et sur la prise de conscience des m\u00e9dias pour que la neutralit\u00e9 et la rigueur restent au c\u0153ur de leurs missions.<\/p>\n<\/div><\/div><\/div><\/div><\/div>\n","protected":false},"excerpt":{"rendered":"","protected":false},"author":3,"featured_media":2314,"comment_status":"open","ping_status":"open","sticky":false,"template":"","format":"standard","meta":{"footnotes":""},"categories":[197,194],"tags":[],"class_list":["post-2313","post","type-post","status-publish","format-standard","has-post-thumbnail","hentry","category-actions-juridiques","category-nos-actions"],"aioseo_notices":[],"_links":{"self":[{"href":"https:\/\/sosracismemoselle.org\/index.php\/wp-json\/wp\/v2\/posts\/2313","targetHints":{"allow":["GET"]}}],"collection":[{"href":"https:\/\/sosracismemoselle.org\/index.php\/wp-json\/wp\/v2\/posts"}],"about":[{"href":"https:\/\/sosracismemoselle.org\/index.php\/wp-json\/wp\/v2\/types\/post"}],"author":[{"embeddable":true,"href":"https:\/\/sosracismemoselle.org\/index.php\/wp-json\/wp\/v2\/users\/3"}],"replies":[{"embeddable":true,"href":"https:\/\/sosracismemoselle.org\/index.php\/wp-json\/wp\/v2\/comments?post=2313"}],"version-history":[{"count":1,"href":"https:\/\/sosracismemoselle.org\/index.php\/wp-json\/wp\/v2\/posts\/2313\/revisions"}],"predecessor-version":[{"id":2315,"href":"https:\/\/sosracismemoselle.org\/index.php\/wp-json\/wp\/v2\/posts\/2313\/revisions\/2315"}],"wp:featuredmedia":[{"embeddable":true,"href":"https:\/\/sosracismemoselle.org\/index.php\/wp-json\/wp\/v2\/media\/2314"}],"wp:attachment":[{"href":"https:\/\/sosracismemoselle.org\/index.php\/wp-json\/wp\/v2\/media?parent=2313"}],"wp:term":[{"taxonomy":"category","embeddable":true,"href":"https:\/\/sosracismemoselle.org\/index.php\/wp-json\/wp\/v2\/categories?post=2313"},{"taxonomy":"post_tag","embeddable":true,"href":"https:\/\/sosracismemoselle.org\/index.php\/wp-json\/wp\/v2\/tags?post=2313"}],"curies":[{"name":"wp","href":"https:\/\/api.w.org\/{rel}","templated":true}]}}