{"id":2310,"date":"2024-07-26T13:40:28","date_gmt":"2024-07-26T11:40:28","guid":{"rendered":"https:\/\/sosracismemoselle.org\/?p=2310"},"modified":"2024-10-26T13:53:32","modified_gmt":"2024-10-26T11:53:32","slug":"contre-lextreme-droite-dans-la-rue-et-dans-les-urnes-on-ne-lache-rien","status":"publish","type":"post","link":"https:\/\/sosracismemoselle.org\/index.php\/2024\/07\/26\/contre-lextreme-droite-dans-la-rue-et-dans-les-urnes-on-ne-lache-rien\/","title":{"rendered":"Contre l\u2019extr\u00eame droite : Dans la rue et dans les urnes, on ne l\u00e2che rien !"},"content":{"rendered":"<div class=\"fusion-fullwidth fullwidth-box fusion-builder-row-1 fusion-flex-container has-pattern-background has-mask-background nonhundred-percent-fullwidth non-hundred-percent-height-scrolling\" style=\"--awb-border-radius-top-left:0px;--awb-border-radius-top-right:0px;--awb-border-radius-bottom-right:0px;--awb-border-radius-bottom-left:0px;--awb-flex-wrap:wrap;\" ><div class=\"fusion-builder-row fusion-row fusion-flex-align-items-flex-start fusion-flex-content-wrap\" style=\"max-width:1123.2px;margin-left: calc(-4% \/ 2 );margin-right: calc(-4% \/ 2 );\"><div class=\"fusion-layout-column fusion_builder_column fusion-builder-column-0 fusion_builder_column_1_1 1_1 fusion-flex-column\" style=\"--awb-bg-size:cover;--awb-width-large:100%;--awb-margin-top-large:0px;--awb-spacing-right-large:1.92%;--awb-margin-bottom-large:20px;--awb-spacing-left-large:1.92%;--awb-width-medium:100%;--awb-order-medium:0;--awb-spacing-right-medium:1.92%;--awb-spacing-left-medium:1.92%;--awb-width-small:100%;--awb-order-small:0;--awb-spacing-right-small:1.92%;--awb-spacing-left-small:1.92%;\"><div class=\"fusion-column-wrapper fusion-column-has-shadow fusion-flex-justify-content-flex-start fusion-content-layout-column\"><div class=\"fusion-title title fusion-title-1 fusion-sep-none fusion-title-text fusion-title-size-one\"><h1 class=\"fusion-title-heading title-heading-left\" style=\"margin:0;\"><\/h1><\/div><div class=\"fusion-text fusion-text-1\"><div class=\"flex max-w-full flex-col flex-grow\">\n<div class=\"min-h-8 text-message flex w-full flex-col items-end gap-2 whitespace-normal break-words &#091;.text-message+&amp;&#093;:mt-5\" dir=\"auto\" data-message-author-role=\"assistant\" data-message-id=\"562350fa-1aca-4339-81c4-6a45646c9bdb\" data-message-model-slug=\"gpt-4o\">\n<div class=\"flex w-full flex-col gap-1 empty:hidden first:pt-&#091;3px&#093;\">\n<div class=\"markdown prose w-full break-words dark:prose-invert light\">\n<p>Nous condamnons fermement les affiches de Pierre-Nicolas Nups, candidat d&#8217;extr\u00eame droite en Meurthe-et-Moselle, repr\u00e9sentant un enfant blond barr\u00e9 du slogan &#8220;Donnons un avenir aux enfants blancs&#8221;. Ce candidat, d\u00e9j\u00e0 condamn\u00e9 \u00e0 six mois de prison avec sursis et cinq ans d&#8217;in\u00e9ligibilit\u00e9 pour incitation \u00e0 la haine homophobe, se f\u00e9licite du &#8220;succ\u00e8s&#8221; de cette campagne d&#8217;affichage.<\/p>\n<p>Suite \u00e0 la victoire du Rassemblement National aux \u00e9lections europ\u00e9ennes, le discours de haine s&#8217;est lib\u00e9r\u00e9, montrant un aper\u00e7u inqui\u00e9tant de notre avenir si nous laissons l&#8217;extr\u00eame droite remporter les l\u00e9gislatives. Ces affiches choquantes ont \u00e9t\u00e9 d\u00e9lib\u00e9r\u00e9ment coll\u00e9s devant des \u00e9coles, cherchant \u00e0 diviser les enfants selon la couleur de leur peau.<\/p>\n<p>Le parquet a ouvert une enqu\u00eate pour provocation \u00e0 la haine raciale et nous comptons sur une sanction exemplaire.<\/p>\n<p>Face \u00e0 ces ignominies et au danger que repr\u00e9sente l&#8217;extr\u00eame droite, nous appelons \u00e0 un rassemblement silencieux (sit-in) organis\u00e9 avec d&#8217;autres associations et syndicats ce vendredi 28 juin \u00e0 17h, place d&#8217;Armes \u00e0 Metz.<\/p>\n<\/div>\n<\/div>\n<\/div>\n<\/div>\n<\/div><\/div><\/div><\/div><\/div>\n","protected":false},"excerpt":{"rendered":"","protected":false},"author":3,"featured_media":2311,"comment_status":"open","ping_status":"open","sticky":false,"template":"","format":"standard","meta":{"footnotes":""},"categories":[196],"tags":[],"class_list":["post-2310","post","type-post","status-publish","format-standard","has-post-thumbnail","hentry","category-mobilisation-citoyenne"],"aioseo_notices":[],"_links":{"self":[{"href":"https:\/\/sosracismemoselle.org\/index.php\/wp-json\/wp\/v2\/posts\/2310","targetHints":{"allow":["GET"]}}],"collection":[{"href":"https:\/\/sosracismemoselle.org\/index.php\/wp-json\/wp\/v2\/posts"}],"about":[{"href":"https:\/\/sosracismemoselle.org\/index.php\/wp-json\/wp\/v2\/types\/post"}],"author":[{"embeddable":true,"href":"https:\/\/sosracismemoselle.org\/index.php\/wp-json\/wp\/v2\/users\/3"}],"replies":[{"embeddable":true,"href":"https:\/\/sosracismemoselle.org\/index.php\/wp-json\/wp\/v2\/comments?post=2310"}],"version-history":[{"count":1,"href":"https:\/\/sosracismemoselle.org\/index.php\/wp-json\/wp\/v2\/posts\/2310\/revisions"}],"predecessor-version":[{"id":2312,"href":"https:\/\/sosracismemoselle.org\/index.php\/wp-json\/wp\/v2\/posts\/2310\/revisions\/2312"}],"wp:featuredmedia":[{"embeddable":true,"href":"https:\/\/sosracismemoselle.org\/index.php\/wp-json\/wp\/v2\/media\/2311"}],"wp:attachment":[{"href":"https:\/\/sosracismemoselle.org\/index.php\/wp-json\/wp\/v2\/media?parent=2310"}],"wp:term":[{"taxonomy":"category","embeddable":true,"href":"https:\/\/sosracismemoselle.org\/index.php\/wp-json\/wp\/v2\/categories?post=2310"},{"taxonomy":"post_tag","embeddable":true,"href":"https:\/\/sosracismemoselle.org\/index.php\/wp-json\/wp\/v2\/tags?post=2310"}],"curies":[{"name":"wp","href":"https:\/\/api.w.org\/{rel}","templated":true}]}}