{"id":2307,"date":"2024-03-14T11:48:47","date_gmt":"2024-03-14T10:48:47","guid":{"rendered":"https:\/\/sosracismemoselle.org\/?p=2307"},"modified":"2024-10-25T23:04:37","modified_gmt":"2024-10-25T21:04:37","slug":"cnews-mise-en-garde-par-larcom-a-notre-demande","status":"publish","type":"post","link":"https:\/\/sosracismemoselle.org\/index.php\/2024\/03\/14\/cnews-mise-en-garde-par-larcom-a-notre-demande\/","title":{"rendered":"CNEWS mise en garde par l&#8217;ARCOM \u00e0 notre demande"},"content":{"rendered":"<div class=\"fusion-fullwidth fullwidth-box fusion-builder-row-1 fusion-flex-container has-pattern-background has-mask-background nonhundred-percent-fullwidth non-hundred-percent-height-scrolling\" style=\"--awb-border-radius-top-left:0px;--awb-border-radius-top-right:0px;--awb-border-radius-bottom-right:0px;--awb-border-radius-bottom-left:0px;--awb-flex-wrap:wrap;\" ><div class=\"fusion-builder-row fusion-row fusion-flex-align-items-flex-start fusion-flex-content-wrap\" style=\"max-width:1123.2px;margin-left: calc(-4% \/ 2 );margin-right: calc(-4% \/ 2 );\"><div class=\"fusion-layout-column fusion_builder_column fusion-builder-column-0 fusion_builder_column_1_1 1_1 fusion-flex-column\" style=\"--awb-bg-size:cover;--awb-width-large:100%;--awb-margin-top-large:0px;--awb-spacing-right-large:1.92%;--awb-margin-bottom-large:20px;--awb-spacing-left-large:1.92%;--awb-width-medium:100%;--awb-order-medium:0;--awb-spacing-right-medium:1.92%;--awb-spacing-left-medium:1.92%;--awb-width-small:100%;--awb-order-small:0;--awb-spacing-right-small:1.92%;--awb-spacing-left-small:1.92%;\"><div class=\"fusion-column-wrapper fusion-column-has-shadow fusion-flex-justify-content-flex-start fusion-content-layout-column\"><div class=\"fusion-text fusion-text-1\"><p class=\"p1\">Le 6 octobre dernier, nous saisissions l\u2019ARCOM pour d\u00e9noncer le traitement discriminatoire de faits divers dans les m\u00e9dias, et en particulier le lien infond\u00e9 \u00e9tabli par un animateur de CNEWS entre la pr\u00e9sence de punaises de lit et l&#8217;immigration.<\/p>\n<p class=\"p1\">La r\u00e9ponse de l\u2019ARCOM est intervenue hier, confirmant que la cha\u00eene CNEWS avait \u00e9t\u00e9 &#8220;mise en garde&#8221; sur cette affaire.<\/p>\n<p class=\"p1\">L\u2019Arcom a \u00ab constat\u00e9 que l\u2019animateur de l\u2019\u00e9mission avait interrog\u00e9 un intervenant sur un possible lien entre la recrudescence des punaises de lit et l\u2019immigration. Elle a consid\u00e9r\u00e9 que la formulation m\u00eame de cette question \u00e9tait susceptible d\u2019encourager des comportements discriminatoires \u00bb. Elle a donc \u00ab mis en garde la cha\u00eene Cnews contre le renouvellement de tels manquements et lui a demand\u00e9 de faire preuve de la plus grande vigilance quant au respect des stipulations pr\u00e9cit\u00e9es \u00bb.<\/p>\n<p class=\"p1\">La mise en garde de l&#8217;ARCOM \u00e0 la cha\u00eene CNEWS constitue le deuxi\u00e8me palier dans l&#8217;\u00e9chelle disciplinaire de l&#8217;autorit\u00e9, entre la lettre de rappel, la mise en demeure et les sanctions.<\/p>\n<p class=\"p1\">Nous saluons cette d\u00e9cision et soulignons la n\u00e9cessit\u00e9 d&#8217;une surveillance continue pour garantir le respect des principes d&#8217;\u00e9galit\u00e9 et de non-discrimination dans les m\u00e9dias.<\/p>\n<p class=\"p1\">Ces propos racistes banalis\u00e9s par certaines cha\u00eenes s&#8217;invitent de plus en plus sur nos \u00e9crans, influen\u00e7ant ainsi l&#8217;opinion publique de mani\u00e8re pr\u00e9judiciable.<\/p>\n<\/div><\/div><\/div><\/div><\/div>\n","protected":false},"excerpt":{"rendered":"","protected":false},"author":3,"featured_media":2308,"comment_status":"open","ping_status":"open","sticky":false,"template":"","format":"standard","meta":{"footnotes":""},"categories":[197,194],"tags":[],"class_list":["post-2307","post","type-post","status-publish","format-standard","has-post-thumbnail","hentry","category-actions-juridiques","category-nos-actions"],"aioseo_notices":[],"_links":{"self":[{"href":"https:\/\/sosracismemoselle.org\/index.php\/wp-json\/wp\/v2\/posts\/2307","targetHints":{"allow":["GET"]}}],"collection":[{"href":"https:\/\/sosracismemoselle.org\/index.php\/wp-json\/wp\/v2\/posts"}],"about":[{"href":"https:\/\/sosracismemoselle.org\/index.php\/wp-json\/wp\/v2\/types\/post"}],"author":[{"embeddable":true,"href":"https:\/\/sosracismemoselle.org\/index.php\/wp-json\/wp\/v2\/users\/3"}],"replies":[{"embeddable":true,"href":"https:\/\/sosracismemoselle.org\/index.php\/wp-json\/wp\/v2\/comments?post=2307"}],"version-history":[{"count":1,"href":"https:\/\/sosracismemoselle.org\/index.php\/wp-json\/wp\/v2\/posts\/2307\/revisions"}],"predecessor-version":[{"id":2309,"href":"https:\/\/sosracismemoselle.org\/index.php\/wp-json\/wp\/v2\/posts\/2307\/revisions\/2309"}],"wp:featuredmedia":[{"embeddable":true,"href":"https:\/\/sosracismemoselle.org\/index.php\/wp-json\/wp\/v2\/media\/2308"}],"wp:attachment":[{"href":"https:\/\/sosracismemoselle.org\/index.php\/wp-json\/wp\/v2\/media?parent=2307"}],"wp:term":[{"taxonomy":"category","embeddable":true,"href":"https:\/\/sosracismemoselle.org\/index.php\/wp-json\/wp\/v2\/categories?post=2307"},{"taxonomy":"post_tag","embeddable":true,"href":"https:\/\/sosracismemoselle.org\/index.php\/wp-json\/wp\/v2\/tags?post=2307"}],"curies":[{"name":"wp","href":"https:\/\/api.w.org\/{rel}","templated":true}]}}