{"id":2304,"date":"2024-01-15T22:25:07","date_gmt":"2024-01-15T21:25:07","guid":{"rendered":"https:\/\/sosracismemoselle.org\/?p=2304"},"modified":"2024-10-25T22:44:26","modified_gmt":"2024-10-25T20:44:26","slug":"marche-citoyenne-contre-la-loi-immigration-mobilisons-nous-pour-legalite-des-droits","status":"publish","type":"post","link":"https:\/\/sosracismemoselle.org\/index.php\/2024\/01\/15\/marche-citoyenne-contre-la-loi-immigration-mobilisons-nous-pour-legalite-des-droits\/","title":{"rendered":"Marche citoyenne contre la loi immigration : mobilisons-nous pour l\u2019\u00e9galit\u00e9 des droits !"},"content":{"rendered":"<div class=\"fusion-fullwidth fullwidth-box fusion-builder-row-1 fusion-flex-container has-pattern-background has-mask-background nonhundred-percent-fullwidth non-hundred-percent-height-scrolling\" style=\"--awb-border-radius-top-left:0px;--awb-border-radius-top-right:0px;--awb-border-radius-bottom-right:0px;--awb-border-radius-bottom-left:0px;--awb-flex-wrap:wrap;\" ><div class=\"fusion-builder-row fusion-row fusion-flex-align-items-flex-start fusion-flex-content-wrap\" style=\"max-width:1123.2px;margin-left: calc(-4% \/ 2 );margin-right: calc(-4% \/ 2 );\"><div class=\"fusion-layout-column fusion_builder_column fusion-builder-column-0 fusion_builder_column_1_1 1_1 fusion-flex-column\" style=\"--awb-bg-size:cover;--awb-width-large:100%;--awb-margin-top-large:0px;--awb-spacing-right-large:1.92%;--awb-margin-bottom-large:20px;--awb-spacing-left-large:1.92%;--awb-width-medium:100%;--awb-order-medium:0;--awb-spacing-right-medium:1.92%;--awb-spacing-left-medium:1.92%;--awb-width-small:100%;--awb-order-small:0;--awb-spacing-right-small:1.92%;--awb-spacing-left-small:1.92%;\"><div class=\"fusion-column-wrapper fusion-column-has-shadow fusion-flex-justify-content-flex-start fusion-content-layout-column\"><div class=\"fusion-title title fusion-title-1 fusion-sep-none fusion-title-text fusion-title-size-one\"><h1 class=\"fusion-title-heading title-heading-left\" style=\"margin:0;\"><\/h1><\/div><div class=\"fusion-text fusion-text-1\"><div class=\"flex max-w-full flex-col flex-grow\">\n<div class=\"min-h-8 text-message flex w-full flex-col items-end gap-2 whitespace-normal break-words &#091;.text-message+&amp;&#093;:mt-5\" dir=\"auto\" data-message-author-role=\"assistant\" data-message-id=\"562350fa-1aca-4339-81c4-6a45646c9bdb\" data-message-model-slug=\"gpt-4o\">\n<div class=\"flex w-full flex-col gap-1 empty:hidden first:pt-&#091;3px&#093;\">\n<div class=\"markdown prose w-full break-words dark:prose-invert light\">\n<p>Ce dimanche 21 janvier, \u00e0 10 h, une marche citoyenne se tiendra place de la R\u00e9publique, \u00e0 Metz, pour dire NON \u00e0 la loi immigration.<br \/>\nCe rassemblement appelle toutes les personnes soucieuses d\u2019une soci\u00e9t\u00e9 \u00e9galitaire et solidaire \u00e0 venir manifester contre un projet de loi jug\u00e9 r\u00e9pressif et discriminant.<\/p>\n<p>La loi immigration, propose des mesures renfor\u00e7ant le contr\u00f4le et la r\u00e9pression \u00e0 l\u2019encontre des migrants et des personnes sans-papiers. Nous d\u00e9non\u00e7ont une d\u00e9rive dangereuse, une loi qui, \u00ab part en arri\u00e8re \u00bb en accentuant les in\u00e9galit\u00e9s et en institutionnalisant une politique de traque et de surveillance accrue.<\/p>\n<p>Ce rassemblement est l&#8217;occasion de faire entendre une voix collective et d\u00e9termin\u00e9e contre une loi contraire aux valeurs de solidarit\u00e9 et de justice. Rejoignez-nous pour exiger l\u2019\u00e9galit\u00e9 des droits pour tous et refuser le d\u00e9veloppement d&#8217;une soci\u00e9t\u00e9 marqu\u00e9e par le contr\u00f4le et la discrimination.<\/p>\n<p>Ne restons pas silencieux face \u00e0 cette loi qui compromet nos id\u00e9aux de libert\u00e9, d&#8217;\u00e9galit\u00e9 et de fraternit\u00e9.<\/p>\n<\/div>\n<\/div>\n<\/div>\n<\/div>\n<\/div><\/div><\/div><\/div><\/div>\n","protected":false},"excerpt":{"rendered":"","protected":false},"author":3,"featured_media":2305,"comment_status":"open","ping_status":"open","sticky":false,"template":"","format":"standard","meta":{"footnotes":""},"categories":[196],"tags":[],"class_list":["post-2304","post","type-post","status-publish","format-standard","has-post-thumbnail","hentry","category-mobilisation-citoyenne"],"aioseo_notices":[],"_links":{"self":[{"href":"https:\/\/sosracismemoselle.org\/index.php\/wp-json\/wp\/v2\/posts\/2304","targetHints":{"allow":["GET"]}}],"collection":[{"href":"https:\/\/sosracismemoselle.org\/index.php\/wp-json\/wp\/v2\/posts"}],"about":[{"href":"https:\/\/sosracismemoselle.org\/index.php\/wp-json\/wp\/v2\/types\/post"}],"author":[{"embeddable":true,"href":"https:\/\/sosracismemoselle.org\/index.php\/wp-json\/wp\/v2\/users\/3"}],"replies":[{"embeddable":true,"href":"https:\/\/sosracismemoselle.org\/index.php\/wp-json\/wp\/v2\/comments?post=2304"}],"version-history":[{"count":1,"href":"https:\/\/sosracismemoselle.org\/index.php\/wp-json\/wp\/v2\/posts\/2304\/revisions"}],"predecessor-version":[{"id":2306,"href":"https:\/\/sosracismemoselle.org\/index.php\/wp-json\/wp\/v2\/posts\/2304\/revisions\/2306"}],"wp:featuredmedia":[{"embeddable":true,"href":"https:\/\/sosracismemoselle.org\/index.php\/wp-json\/wp\/v2\/media\/2305"}],"wp:attachment":[{"href":"https:\/\/sosracismemoselle.org\/index.php\/wp-json\/wp\/v2\/media?parent=2304"}],"wp:term":[{"taxonomy":"category","embeddable":true,"href":"https:\/\/sosracismemoselle.org\/index.php\/wp-json\/wp\/v2\/categories?post=2304"},{"taxonomy":"post_tag","embeddable":true,"href":"https:\/\/sosracismemoselle.org\/index.php\/wp-json\/wp\/v2\/tags?post=2304"}],"curies":[{"name":"wp","href":"https:\/\/api.w.org\/{rel}","templated":true}]}}