{"id":2301,"date":"2024-05-10T09:53:57","date_gmt":"2024-05-10T07:53:57","guid":{"rendered":"https:\/\/sosracismemoselle.org\/?p=2301"},"modified":"2024-10-25T22:00:40","modified_gmt":"2024-10-25T20:00:40","slug":"10-mai-journee-nationale-de-commemoration-des-memoires-de-la-traite-de-lesclavage-et-de-leur-abolition","status":"publish","type":"post","link":"https:\/\/sosracismemoselle.org\/index.php\/2024\/05\/10\/10-mai-journee-nationale-de-commemoration-des-memoires-de-la-traite-de-lesclavage-et-de-leur-abolition\/","title":{"rendered":"10 Mai : Journ\u00e9e nationale de comm\u00e9moration des m\u00e9moires de la traite, de l&#8217;esclavage et de leur abolition"},"content":{"rendered":"<div class=\"fusion-fullwidth fullwidth-box fusion-builder-row-1 fusion-flex-container has-pattern-background has-mask-background nonhundred-percent-fullwidth non-hundred-percent-height-scrolling\" style=\"--awb-border-radius-top-left:0px;--awb-border-radius-top-right:0px;--awb-border-radius-bottom-right:0px;--awb-border-radius-bottom-left:0px;--awb-flex-wrap:wrap;\" ><div class=\"fusion-builder-row fusion-row fusion-flex-align-items-flex-start fusion-flex-content-wrap\" style=\"max-width:1123.2px;margin-left: calc(-4% \/ 2 );margin-right: calc(-4% \/ 2 );\"><div class=\"fusion-layout-column fusion_builder_column fusion-builder-column-0 fusion_builder_column_1_1 1_1 fusion-flex-column\" style=\"--awb-bg-size:cover;--awb-width-large:100%;--awb-margin-top-large:0px;--awb-spacing-right-large:1.92%;--awb-margin-bottom-large:20px;--awb-spacing-left-large:1.92%;--awb-width-medium:100%;--awb-order-medium:0;--awb-spacing-right-medium:1.92%;--awb-spacing-left-medium:1.92%;--awb-width-small:100%;--awb-order-small:0;--awb-spacing-right-small:1.92%;--awb-spacing-left-small:1.92%;\"><div class=\"fusion-column-wrapper fusion-column-has-shadow fusion-flex-justify-content-flex-start fusion-content-layout-column\"><div class=\"fusion-title title fusion-title-1 fusion-sep-none fusion-title-text fusion-title-size-one\"><h1 class=\"fusion-title-heading title-heading-left\" style=\"margin:0;\"><\/h1><\/div><div class=\"fusion-text fusion-text-1\"><p>Chaque 10 mai, nous rendons hommage aux millions de femmes, d\u2019hommes et d\u2019enfants arrach\u00e9s \u00e0 leur terre, r\u00e9duits en esclavage et soumis \u00e0 des traitements inhumains en raison de la couleur de leur peau. Ce jour symbolique marque la reconnaissance de la traite et de l\u2019esclavage comme crimes contre l\u2019humanit\u00e9, un statut accord\u00e9 par la loi Taubira en 2001, il y a d\u00e9sormais 23 ans.<\/p>\n<p><strong>Se souvenir et transmettre<\/strong><br \/>\nLe 10 mai est bien plus qu\u2019une comm\u00e9moration : c\u2019est un devoir de m\u00e9moire. Se souvenir, c&#8217;est refuser l&#8217;oubli pour honorer la m\u00e9moire des victimes et d\u00e9noncer les racines du racisme qui persistent aujourd&#8217;hui. Cet h\u00e9ritage, empreint de souffrance et de r\u00e9sistance, nous invite \u00e0 transmettre cette histoire aux g\u00e9n\u00e9rations futures pour que les erreurs du pass\u00e9 ne se reproduisent jamais.<\/p>\n<p><strong>Un appel \u00e0 la justice et \u00e0 l\u2019\u00e9galit\u00e9<\/strong><br \/>\nCette journ\u00e9e nous rappelle \u00e9galement notre responsabilit\u00e9 collective face aux injustices contemporaines. D\u00e9noncer les crimes contre l\u2019humanit\u00e9, o\u00f9 qu\u2019ils se produisent, est un acte de courage et de dignit\u00e9. Personne ne doit \u00eatre opprim\u00e9 pour sa couleur de peau, son origine, son ethnie ou sa religion. Le devoir de m\u00e9moire, \u00e0 la fois engagement et espoir, renforce notre humanit\u00e9 et notre solidarit\u00e9, des valeurs qui font la force et l\u2019honneur de notre nation.<\/p>\n<p>En ce 10 mai, comm\u00e9morons, transmettons et \u0153uvrons pour un avenir exempt de haine et d&#8217;injustice.<\/p>\n<\/div><\/div><\/div><\/div><\/div>\n","protected":false},"excerpt":{"rendered":"","protected":false},"author":3,"featured_media":2302,"comment_status":"open","ping_status":"open","sticky":false,"template":"","format":"standard","meta":{"footnotes":""},"categories":[196],"tags":[],"class_list":["post-2301","post","type-post","status-publish","format-standard","has-post-thumbnail","hentry","category-mobilisation-citoyenne"],"aioseo_notices":[],"_links":{"self":[{"href":"https:\/\/sosracismemoselle.org\/index.php\/wp-json\/wp\/v2\/posts\/2301","targetHints":{"allow":["GET"]}}],"collection":[{"href":"https:\/\/sosracismemoselle.org\/index.php\/wp-json\/wp\/v2\/posts"}],"about":[{"href":"https:\/\/sosracismemoselle.org\/index.php\/wp-json\/wp\/v2\/types\/post"}],"author":[{"embeddable":true,"href":"https:\/\/sosracismemoselle.org\/index.php\/wp-json\/wp\/v2\/users\/3"}],"replies":[{"embeddable":true,"href":"https:\/\/sosracismemoselle.org\/index.php\/wp-json\/wp\/v2\/comments?post=2301"}],"version-history":[{"count":1,"href":"https:\/\/sosracismemoselle.org\/index.php\/wp-json\/wp\/v2\/posts\/2301\/revisions"}],"predecessor-version":[{"id":2303,"href":"https:\/\/sosracismemoselle.org\/index.php\/wp-json\/wp\/v2\/posts\/2301\/revisions\/2303"}],"wp:featuredmedia":[{"embeddable":true,"href":"https:\/\/sosracismemoselle.org\/index.php\/wp-json\/wp\/v2\/media\/2302"}],"wp:attachment":[{"href":"https:\/\/sosracismemoselle.org\/index.php\/wp-json\/wp\/v2\/media?parent=2301"}],"wp:term":[{"taxonomy":"category","embeddable":true,"href":"https:\/\/sosracismemoselle.org\/index.php\/wp-json\/wp\/v2\/categories?post=2301"},{"taxonomy":"post_tag","embeddable":true,"href":"https:\/\/sosracismemoselle.org\/index.php\/wp-json\/wp\/v2\/tags?post=2301"}],"curies":[{"name":"wp","href":"https:\/\/api.w.org\/{rel}","templated":true}]}}