{"id":2295,"date":"2024-05-23T14:01:37","date_gmt":"2024-05-23T12:01:37","guid":{"rendered":"https:\/\/sosracismemoselle.org\/?p=2295"},"modified":"2024-10-25T21:34:06","modified_gmt":"2024-10-25T19:34:06","slug":"hommage-aux-victimes-de-lesclavage","status":"publish","type":"post","link":"https:\/\/sosracismemoselle.org\/index.php\/2024\/05\/23\/hommage-aux-victimes-de-lesclavage\/","title":{"rendered":"Hommage aux Victimes de l&#8217;Esclavage"},"content":{"rendered":"<div class=\"fusion-fullwidth fullwidth-box fusion-builder-row-1 fusion-flex-container has-pattern-background has-mask-background nonhundred-percent-fullwidth non-hundred-percent-height-scrolling\" style=\"--awb-border-radius-top-left:0px;--awb-border-radius-top-right:0px;--awb-border-radius-bottom-right:0px;--awb-border-radius-bottom-left:0px;--awb-flex-wrap:wrap;\" ><div class=\"fusion-builder-row fusion-row fusion-flex-align-items-flex-start fusion-flex-content-wrap\" style=\"max-width:1123.2px;margin-left: calc(-4% \/ 2 );margin-right: calc(-4% \/ 2 );\"><div class=\"fusion-layout-column fusion_builder_column fusion-builder-column-0 fusion_builder_column_1_1 1_1 fusion-flex-column\" style=\"--awb-bg-size:cover;--awb-width-large:100%;--awb-margin-top-large:0px;--awb-spacing-right-large:1.92%;--awb-margin-bottom-large:20px;--awb-spacing-left-large:1.92%;--awb-width-medium:100%;--awb-order-medium:0;--awb-spacing-right-medium:1.92%;--awb-spacing-left-medium:1.92%;--awb-width-small:100%;--awb-order-small:0;--awb-spacing-right-small:1.92%;--awb-spacing-left-small:1.92%;\"><div class=\"fusion-column-wrapper fusion-column-has-shadow fusion-flex-justify-content-flex-start fusion-content-layout-column\"><div class=\"fusion-title title fusion-title-1 fusion-sep-none fusion-title-text fusion-title-size-one\"><h1 class=\"fusion-title-heading title-heading-left\" style=\"margin:0;\"><\/h1><\/div><div class=\"fusion-text fusion-text-1\"><p class=\"p1\">Ce matin, c\u00e9r\u00e9monie en hommage aux victimes de l\u2019esclavage colonial, organis\u00e9e par la Pr\u00e9fecture de la Moselle. Un moment solennel rappellant que durant plus de deux si\u00e8cles, plus de quatre millions de vies ont \u00e9t\u00e9 bris\u00e9es par un syst\u00e8me d\u2019asservissement inhumain, causant des blessures profondes et durables dans l\u2019histoire.<\/p>\n<p class=\"p1\">En honorant la m\u00e9moire des victimes de l&#8217;esclavage colonial, nous exprimons notre refus des nouvelles formes d\u2019asservissement qui subsistent aujourd\u2019hui et r\u00e9affirmons l\u2019importance de condamner fermement toute violation des droits humains, quels que soient le lieu ou l&#8217;\u00e9poque.<\/p>\n<p class=\"p1\">Pour prolonger cette r\u00e9flexion essentielle, une table ronde intitul\u00e9e &#8220;Quelle m\u00e9moire de l&#8217;esclavage dans l&#8217;espace public ?&#8221; est organis\u00e9e ce soir, \u00e0 partir de 18h00, \u00e0 la Mairie de Metz. Cet \u00e9change offrira un espace de dialogue autour des enjeux de m\u00e9moire et des actions possibles pour pr\u00e9server cette histoire et la transmettre aux g\u00e9n\u00e9rations futures.<\/p>\n<\/div><\/div><\/div><\/div><\/div>\n","protected":false},"excerpt":{"rendered":"","protected":false},"author":3,"featured_media":2298,"comment_status":"open","ping_status":"open","sticky":false,"template":"","format":"standard","meta":{"footnotes":""},"categories":[196],"tags":[],"class_list":["post-2295","post","type-post","status-publish","format-standard","has-post-thumbnail","hentry","category-mobilisation-citoyenne"],"aioseo_notices":[],"_links":{"self":[{"href":"https:\/\/sosracismemoselle.org\/index.php\/wp-json\/wp\/v2\/posts\/2295","targetHints":{"allow":["GET"]}}],"collection":[{"href":"https:\/\/sosracismemoselle.org\/index.php\/wp-json\/wp\/v2\/posts"}],"about":[{"href":"https:\/\/sosracismemoselle.org\/index.php\/wp-json\/wp\/v2\/types\/post"}],"author":[{"embeddable":true,"href":"https:\/\/sosracismemoselle.org\/index.php\/wp-json\/wp\/v2\/users\/3"}],"replies":[{"embeddable":true,"href":"https:\/\/sosracismemoselle.org\/index.php\/wp-json\/wp\/v2\/comments?post=2295"}],"version-history":[{"count":1,"href":"https:\/\/sosracismemoselle.org\/index.php\/wp-json\/wp\/v2\/posts\/2295\/revisions"}],"predecessor-version":[{"id":2300,"href":"https:\/\/sosracismemoselle.org\/index.php\/wp-json\/wp\/v2\/posts\/2295\/revisions\/2300"}],"wp:featuredmedia":[{"embeddable":true,"href":"https:\/\/sosracismemoselle.org\/index.php\/wp-json\/wp\/v2\/media\/2298"}],"wp:attachment":[{"href":"https:\/\/sosracismemoselle.org\/index.php\/wp-json\/wp\/v2\/media?parent=2295"}],"wp:term":[{"taxonomy":"category","embeddable":true,"href":"https:\/\/sosracismemoselle.org\/index.php\/wp-json\/wp\/v2\/categories?post=2295"},{"taxonomy":"post_tag","embeddable":true,"href":"https:\/\/sosracismemoselle.org\/index.php\/wp-json\/wp\/v2\/tags?post=2295"}],"curies":[{"name":"wp","href":"https:\/\/api.w.org\/{rel}","templated":true}]}}