{"id":2287,"date":"2023-11-03T16:26:03","date_gmt":"2023-11-03T15:26:03","guid":{"rendered":"https:\/\/sosracismemoselle.org\/?p=2287"},"modified":"2024-10-20T16:36:28","modified_gmt":"2024-10-20T14:36:28","slug":"commentaires-racistes-publies-sous-la-photo-officielle-de-lequipe-du-fc-metz-sos-racisme-porte-plainte","status":"publish","type":"post","link":"https:\/\/sosracismemoselle.org\/index.php\/2023\/11\/03\/commentaires-racistes-publies-sous-la-photo-officielle-de-lequipe-du-fc-metz-sos-racisme-porte-plainte\/","title":{"rendered":"Commentaires racistes publi\u00e9s sous la photo officielle de l\u2019\u00e9quipe du FC Metz : SOS Racisme porte plainte"},"content":{"rendered":"<div class=\"fusion-fullwidth fullwidth-box fusion-builder-row-1 fusion-flex-container has-pattern-background has-mask-background nonhundred-percent-fullwidth non-hundred-percent-height-scrolling\" style=\"--awb-border-radius-top-left:0px;--awb-border-radius-top-right:0px;--awb-border-radius-bottom-right:0px;--awb-border-radius-bottom-left:0px;--awb-flex-wrap:wrap;\" ><div class=\"fusion-builder-row fusion-row fusion-flex-align-items-flex-start fusion-flex-content-wrap\" style=\"max-width:1123.2px;margin-left: calc(-4% \/ 2 );margin-right: calc(-4% \/ 2 );\"><div class=\"fusion-layout-column fusion_builder_column fusion-builder-column-0 fusion_builder_column_1_1 1_1 fusion-flex-column\" style=\"--awb-bg-size:cover;--awb-width-large:100%;--awb-margin-top-large:0px;--awb-spacing-right-large:1.92%;--awb-margin-bottom-large:20px;--awb-spacing-left-large:1.92%;--awb-width-medium:100%;--awb-order-medium:0;--awb-spacing-right-medium:1.92%;--awb-spacing-left-medium:1.92%;--awb-width-small:100%;--awb-order-small:0;--awb-spacing-right-small:1.92%;--awb-spacing-left-small:1.92%;\"><div class=\"fusion-column-wrapper fusion-column-has-shadow fusion-flex-justify-content-flex-start fusion-content-layout-column\"><div class=\"fusion-text fusion-text-1\"><p>Le 19 septembre dernier, l\u2019\u00e9quipe du FC Metz publiait sur le r\u00e9seau social X la photo officielle de son \u00e9quipe, relay\u00e9e notamment par le journal Le R\u00e9publicain Lorrain. Sous cette publication, un d\u00e9ferlement de commentaires haineux et racistes a \u00e9t\u00e9 constat\u00e9 en raison de la couleur de peau d\u2019une partie des joueurs\u00a0: il est par exemple fait r\u00e9f\u00e9rence \u00e0 une \u00ab\u00a0<em>\u00e9quipe africaine<\/em>\u00a0\u00bb qui viendrait de \u00ab\u00a0<em>Lampedusa<\/em>\u00a0\u00bb.<\/p>\n<p>Ces commentaires ne sont pas sans faire \u00e9cho aux propos et actes racistes qui se sont multipli\u00e9s dans les stades de football ces derni\u00e8res ann\u00e9es.<\/p>\n<p>SOS Racisme ainsi que SOS Racisme Moselle d\u00e9plorent que ce type d\u2019actes se r\u00e9p\u00e8tent au-del\u00e0 des enceintes sportives d\u00e9di\u00e9es au football. C\u2019est pourquoi, face \u00e0 ces actes inacceptables qui sont malheureusement loin d\u2019\u00eatre isol\u00e9s, les deux associations ont d\u00e9cid\u00e9 de d\u00e9poser plainte aupr\u00e8s du Procureur de la R\u00e9publique de Metz. Il est impensable que de tels actes soient laiss\u00e9s impunis.<\/p>\n<p>Pour Jean-R\u00e9my Dushimiyimana, pr\u00e9sident de SOS Racisme Moselle <em>\u00ab\u00a0Le combat contre le racisme n\u2019a pas de limite. La haine en ligne n&#8217;est pas une simple parole perdue dans l&#8217;immensit\u00e9 du web, c&#8217;est une violence qui prend vie dans l&#8217;obscurit\u00e9. Nous devons \u00e9teindre ces flammes de haine.\u00a0\u00bb<\/em><\/p>\n<p>Pour Dominique SOPO, pr\u00e9sident de SOS Racisme, \u00ab\u00a0<em>ces propos incrimin\u00e9s montrent l\u2019incapacit\u00e9 de trop de personnes de voir des personnes au-del\u00e0 de leur couleur de peau. Notre pays est une terre o\u00f9 chaque \u00eatre peut y mettre le pied sans distinction d\u2019origines. C\u2019est l\u00e0 la grandeur de notre pays. Ne laissons pas les haineux rendre notre pays petit<\/em>.\u00a0\u00bb<\/p>\n<\/div><\/div><\/div><\/div><\/div>\n","protected":false},"excerpt":{"rendered":"","protected":false},"author":3,"featured_media":2289,"comment_status":"open","ping_status":"open","sticky":false,"template":"","format":"standard","meta":{"footnotes":""},"categories":[197,194],"tags":[],"class_list":["post-2287","post","type-post","status-publish","format-standard","has-post-thumbnail","hentry","category-actions-juridiques","category-nos-actions"],"aioseo_notices":[],"_links":{"self":[{"href":"https:\/\/sosracismemoselle.org\/index.php\/wp-json\/wp\/v2\/posts\/2287","targetHints":{"allow":["GET"]}}],"collection":[{"href":"https:\/\/sosracismemoselle.org\/index.php\/wp-json\/wp\/v2\/posts"}],"about":[{"href":"https:\/\/sosracismemoselle.org\/index.php\/wp-json\/wp\/v2\/types\/post"}],"author":[{"embeddable":true,"href":"https:\/\/sosracismemoselle.org\/index.php\/wp-json\/wp\/v2\/users\/3"}],"replies":[{"embeddable":true,"href":"https:\/\/sosracismemoselle.org\/index.php\/wp-json\/wp\/v2\/comments?post=2287"}],"version-history":[{"count":1,"href":"https:\/\/sosracismemoselle.org\/index.php\/wp-json\/wp\/v2\/posts\/2287\/revisions"}],"predecessor-version":[{"id":2288,"href":"https:\/\/sosracismemoselle.org\/index.php\/wp-json\/wp\/v2\/posts\/2287\/revisions\/2288"}],"wp:featuredmedia":[{"embeddable":true,"href":"https:\/\/sosracismemoselle.org\/index.php\/wp-json\/wp\/v2\/media\/2289"}],"wp:attachment":[{"href":"https:\/\/sosracismemoselle.org\/index.php\/wp-json\/wp\/v2\/media?parent=2287"}],"wp:term":[{"taxonomy":"category","embeddable":true,"href":"https:\/\/sosracismemoselle.org\/index.php\/wp-json\/wp\/v2\/categories?post=2287"},{"taxonomy":"post_tag","embeddable":true,"href":"https:\/\/sosracismemoselle.org\/index.php\/wp-json\/wp\/v2\/tags?post=2287"}],"curies":[{"name":"wp","href":"https:\/\/api.w.org\/{rel}","templated":true}]}}