{"id":2272,"date":"2023-12-05T10:00:24","date_gmt":"2023-12-05T09:00:24","guid":{"rendered":"https:\/\/sosracismemoselle.org\/?p=2272"},"modified":"2024-10-20T00:01:14","modified_gmt":"2024-10-19T22:01:14","slug":"rencontre-avec-patrick-weiten-president-du-departement-de-la-moselle","status":"publish","type":"post","link":"https:\/\/sosracismemoselle.org\/index.php\/2023\/12\/05\/rencontre-avec-patrick-weiten-president-du-departement-de-la-moselle\/","title":{"rendered":"Rencontre avec Patrick Weiten, Pr\u00e9sident du D\u00e9partement de la Moselle"},"content":{"rendered":"<div class=\"fusion-fullwidth fullwidth-box fusion-builder-row-1 fusion-flex-container has-pattern-background has-mask-background nonhundred-percent-fullwidth non-hundred-percent-height-scrolling\" style=\"--awb-border-radius-top-left:0px;--awb-border-radius-top-right:0px;--awb-border-radius-bottom-right:0px;--awb-border-radius-bottom-left:0px;--awb-flex-wrap:wrap;\" ><div class=\"fusion-builder-row fusion-row fusion-flex-align-items-flex-start fusion-flex-content-wrap\" style=\"max-width:1123.2px;margin-left: calc(-4% \/ 2 );margin-right: calc(-4% \/ 2 );\"><div class=\"fusion-layout-column fusion_builder_column fusion-builder-column-0 fusion_builder_column_1_1 1_1 fusion-flex-column\" style=\"--awb-bg-size:cover;--awb-width-large:100%;--awb-margin-top-large:0px;--awb-spacing-right-large:1.92%;--awb-margin-bottom-large:20px;--awb-spacing-left-large:1.92%;--awb-width-medium:100%;--awb-order-medium:0;--awb-spacing-right-medium:1.92%;--awb-spacing-left-medium:1.92%;--awb-width-small:100%;--awb-order-small:0;--awb-spacing-right-small:1.92%;--awb-spacing-left-small:1.92%;\"><div class=\"fusion-column-wrapper fusion-column-has-shadow fusion-flex-justify-content-flex-start fusion-content-layout-column\"><div class=\"fusion-text fusion-text-1\"><div class=\"x11i5rnm xat24cr x1mh8g0r x1vvkbs xtlvy1s x126k92a\">\n<div dir=\"auto\">\n<div class=\"xdj266r x11i5rnm xat24cr x1mh8g0r x1vvkbs x126k92a\">\n<div dir=\"auto\">\n<div class=\"xdj266r x11i5rnm xat24cr x1mh8g0r x1vvkbs x126k92a\">\n<div dir=\"auto\">\n<p>Nous avons eu l&#8217;honneur de rencontrer Patrick Weiten Pr\u00e9sident du <span class=\"html-span xdj266r x11i5rnm xat24cr x1mh8g0r xexx8yu x4uap5 x18d9i69 xkhd6sd x1hl2dhg x16tdsg8 x1vvkbs\"><a class=\"x1i10hfl xjbqb8w x1ejq31n xd10rxx x1sy0etr x17r0tee x972fbf xcfux6l x1qhh985 xm0m39n x9f619 x1ypdohk xt0psk2 xe8uvvx xdj266r x11i5rnm xat24cr x1mh8g0r xexx8yu x4uap5 x18d9i69 xkhd6sd x16tdsg8 x1hl2dhg xggy1nq x1a2a7pz x1sur9pj xkrqix3 x1fey0fg x1s688f\" tabindex=\"0\" role=\"link\" href=\"https:\/\/www.moselle.fr\/\"><span class=\"xt0psk2\">D\u00e9partement de la Moselle<\/span><\/a><\/span>, pour \u00e9changer sur la lutte contre le racisme, l&#8217;antis\u00e9mitisme et les discriminations dans notre d\u00e9partement.<\/p>\n<\/div>\n<\/div>\n<div class=\"x11i5rnm xat24cr x1mh8g0r x1vvkbs xtlvy1s x126k92a\">\n<div dir=\"auto\">\n<p>Au cours de nos discussions, nous avons pu pr\u00e9senter les activit\u00e9s de notre association,\u00a0ainsi que nos projets futurs et les d\u00e9fis auxquels nous faisons face.<\/p>\n<\/div>\n<\/div>\n<div class=\"x11i5rnm xat24cr x1mh8g0r x1vvkbs xtlvy1s x126k92a\">\n<div dir=\"auto\">Merci \u00e0 Patrick Weiten pour son soutien marqu\u00e9 en faveur de notre combat contre la haine. Nous avons appr\u00e9ci\u00e9 son accueil et la qualit\u00e9 de nos \u00e9changes.<br \/>\nC&#8217;est gr\u00e2ce \u00e0 des partenariats constructifs comme celui-ci que nous pouvons esp\u00e9rer engager un changement positif dans notre soci\u00e9t\u00e9.<\/div>\n<\/div>\n<\/div>\n<\/div>\n<\/div>\n<\/div>\n<\/div><\/div><\/div><\/div><\/div>\n","protected":false},"excerpt":{"rendered":"","protected":false},"author":3,"featured_media":2273,"comment_status":"open","ping_status":"open","sticky":false,"template":"","format":"standard","meta":{"footnotes":""},"categories":[1],"tags":[],"class_list":["post-2272","post","type-post","status-publish","format-standard","has-post-thumbnail","hentry","category-non-classe"],"aioseo_notices":[],"_links":{"self":[{"href":"https:\/\/sosracismemoselle.org\/index.php\/wp-json\/wp\/v2\/posts\/2272","targetHints":{"allow":["GET"]}}],"collection":[{"href":"https:\/\/sosracismemoselle.org\/index.php\/wp-json\/wp\/v2\/posts"}],"about":[{"href":"https:\/\/sosracismemoselle.org\/index.php\/wp-json\/wp\/v2\/types\/post"}],"author":[{"embeddable":true,"href":"https:\/\/sosracismemoselle.org\/index.php\/wp-json\/wp\/v2\/users\/3"}],"replies":[{"embeddable":true,"href":"https:\/\/sosracismemoselle.org\/index.php\/wp-json\/wp\/v2\/comments?post=2272"}],"version-history":[{"count":2,"href":"https:\/\/sosracismemoselle.org\/index.php\/wp-json\/wp\/v2\/posts\/2272\/revisions"}],"predecessor-version":[{"id":2338,"href":"https:\/\/sosracismemoselle.org\/index.php\/wp-json\/wp\/v2\/posts\/2272\/revisions\/2338"}],"wp:featuredmedia":[{"embeddable":true,"href":"https:\/\/sosracismemoselle.org\/index.php\/wp-json\/wp\/v2\/media\/2273"}],"wp:attachment":[{"href":"https:\/\/sosracismemoselle.org\/index.php\/wp-json\/wp\/v2\/media?parent=2272"}],"wp:term":[{"taxonomy":"category","embeddable":true,"href":"https:\/\/sosracismemoselle.org\/index.php\/wp-json\/wp\/v2\/categories?post=2272"},{"taxonomy":"post_tag","embeddable":true,"href":"https:\/\/sosracismemoselle.org\/index.php\/wp-json\/wp\/v2\/tags?post=2272"}],"curies":[{"name":"wp","href":"https:\/\/api.w.org\/{rel}","templated":true}]}}