{"id":2258,"date":"2024-10-19T12:30:02","date_gmt":"2024-10-19T10:30:02","guid":{"rendered":"https:\/\/sosracismemoselle.org\/?p=2258"},"modified":"2025-05-28T14:42:36","modified_gmt":"2025-05-28T12:42:36","slug":"projet-1-cloned","status":"publish","type":"post","link":"https:\/\/sosracismemoselle.org\/index.php\/2024\/10\/19\/projet-1-cloned\/","title":{"rendered":"Salam Shalom Salut\u00a0"},"content":{"rendered":"<div class=\"fusion-fullwidth fullwidth-box fusion-builder-row-1 fusion-flex-container has-pattern-background has-mask-background nonhundred-percent-fullwidth non-hundred-percent-height-scrolling\" style=\"--awb-border-radius-top-left:0px;--awb-border-radius-top-right:0px;--awb-border-radius-bottom-right:0px;--awb-border-radius-bottom-left:0px;--awb-flex-wrap:wrap;\" ><div class=\"fusion-builder-row fusion-row fusion-flex-align-items-flex-start fusion-flex-content-wrap\" style=\"max-width:1123.2px;margin-left: calc(-4% \/ 2 );margin-right: calc(-4% \/ 2 );\"><div class=\"fusion-layout-column fusion_builder_column fusion-builder-column-0 fusion_builder_column_1_1 1_1 fusion-flex-column\" style=\"--awb-bg-size:cover;--awb-width-large:100%;--awb-margin-top-large:0px;--awb-spacing-right-large:1.92%;--awb-margin-bottom-large:20px;--awb-spacing-left-large:1.92%;--awb-width-medium:100%;--awb-order-medium:0;--awb-spacing-right-medium:1.92%;--awb-spacing-left-medium:1.92%;--awb-width-small:100%;--awb-order-small:0;--awb-spacing-right-small:1.92%;--awb-spacing-left-small:1.92%;\"><div class=\"fusion-column-wrapper fusion-column-has-shadow fusion-flex-justify-content-flex-start fusion-content-layout-column\"><div class=\"fusion-text fusion-text-1\"><p><strong>\u00ab\u00a0Salam Shalom Salut\u00a0\u00bb<\/strong>, ce sont des jeunes, Juifs et Arabes, qui partiront \u00e0 la rencontre de leurs concitoyens afin d\u2019exprimer leur volont\u00e9 de vivre ensemble et de lutter c\u00f4te \u00e0 c\u00f4te contre le racisme et l\u2019antis\u00e9mitisme. Ce tour de France sera l\u2019occasion pour ces jeunes de r\u00e9fl\u00e9chir \u00e0 leur complexit\u00e9 identitaire, \u00e0 leurs appartenances multiples nourries par leurs histoires singuli\u00e8res et leur pr\u00e9sent commun et de les partager.<\/p>\n<p>Des jeunes Juifs et Arabes impliqu\u00e9s dans des formations men\u00e9es par des historiens notamment au contexte de leurs relations depuis l\u2019Histoire pr\u00e9coloniale et coloniale du Maghreb, l\u2019Histoire de leur immigration en France ou encore \u00e0 l\u2019aune du conflit isra\u00e9lo-palestinien, partiront \u00e0 la rencontre de leurs concitoyens sur tout le territoire afin d\u2019exprimer leur volont\u00e9 de vivre ensemble et de militer c\u00f4te \u00e0 c\u00f4te contre le racisme et l\u2019antis\u00e9mitisme. Ce message veut contrer l\u2019\u00e9volution mortif\u00e8re qui traverse une partie de notre soci\u00e9t\u00e9.<\/p>\n<p><strong>Le dialogue pour lutter contre la peur<\/strong><\/p>\n<p>En France tout particuli\u00e8rement, la question des relations entre Juifs et Arabes est extr\u00eamement tendue avec la mont\u00e9e de l\u2019islamisme, du djihadisme et suite aux attentats qui y sont li\u00e9s ces derni\u00e8res ann\u00e9es. Les assassinats perp\u00e9tr\u00e9s par Mohamed Merah en 2012 et l\u2019attaque de l\u2019HyperCacher en janvier 2015, ont cibl\u00e9 des personnes juives, et des enfants juifs, installant la terreur et les peurs \u00e0 l\u2019encontre des arabo-musulmans. Parall\u00e8lement mais plus anciennement, le conflit isra\u00e9lo-palestinien tend \u00e0 \u00eatre pr\u00e9sent\u00e9 comme une pomme de discorde ind\u00e9passable, contribuant \u00e0 creuser un foss\u00e9 entre des \u00ab groupes \u00bb dont les origines, la culture, l\u2019histoire voire les attaches familiales les am\u00e8nent \u00e0 exprimer une sensibilit\u00e9 en faveur soit des Palestiniens, soit des Isra\u00e9liens.<\/p>\n<p>Ces deux \u00ab groupes \u00bb sont v\u00e9cus comme particuli\u00e8rement antagonistes. Les peurs, les rancoeurs, les incompr\u00e9hensions l\u00e9gu\u00e9es par une histoire commune au Maghreb qui s\u2019acheva brutalement et dans le silence ont pu laisser se d\u00e9velopper, une fois pass\u00e9e la solidarit\u00e9 d\u2019exils concomitants, un \u00e9loignement et une opposition permettant l\u2019utilisation de chacun de ces groupes pour frapper l\u2019autre. Tandis que des mauvais g\u00e9nies, parfois et m\u00eame souvent ni Juifs ni Arabes, s\u2019ing\u00e9nient \u00e0 dire aux Arabes que leurs probl\u00e8mes seraient le fait des Juifs, d\u2019autres mauvais g\u00e9nies s\u2019\u00e9chinent \u00e0 expliquer aux Juifs qu\u2019ils ont bien raison de craindre les Arabes.<\/p>\n<p><strong>Deux groupes victimes de racisme<\/strong><\/p>\n<p>De ce fait, bien loin de vouloir r\u00e9gler des probl\u00e8mes ou de se questionner dessus, ces deux camps poursuivent l\u2019objectif de connecter chacun de ces groupes \u00e0 des forces extr\u00e9mistes porteuses d\u2019une haine anti-juive ou d\u2019une haine anti-arabe. Parce qu\u2019il est en partie fond\u00e9 dans l\u2019imaginaire collectif sur l\u2019alliance entre Juifs et Arabes, tous victimes d\u2019un racisme historique prenant ses racines dans la pens\u00e9e racialiste, l\u2019antiracisme se trouve pris \u00e0 revers. En effet, des extr\u00e9mistes se mettent \u00e0 pouvoir se pr\u00e9senter \u2013 avec une certaine cr\u00e9dibilit\u00e9 accord\u00e9e par une partie de la jeunesse mais \u00e9galement par des journalistes, des \u00ab intellectuels \u00bb ou des responsables politiques \u2013 comme luttant contre le racisme ou l\u2019antis\u00e9mitisme.<\/p>\n<p>Or, si l\u2019alliance jud\u00e9o-arabe fait place \u00e0 une guerre ou une animosit\u00e9 entre Juifs et Arabes, c\u2019est que l\u2019antiracisme aurait \u00e9t\u00e9, au mieux de la na\u00efvet\u00e9, au pire un mensonge. On remarquera enfin que la fa\u00e7on de \u00ab g\u00e9rer \u00bb ces tensions a consist\u00e9, depuis de trop nombreuses ann\u00e9es, \u00e0 valoriser le seul prisme religieux. Or, la probl\u00e9matique n\u2019est pas tant une probl\u00e9matique jud\u00e9o-musulmane qui se r\u00e9glerait par la mise en avant d\u2019ententes entre des rabbins et des imams. La probl\u00e9matique est une probl\u00e9matique jud\u00e9o-arabe car l\u00e0 se situe le n\u0153ud passionnel sur lequel jouent les nouveaux tentateurs, un n\u0153ud dont la v\u00e9ritable nature est masqu\u00e9e par plusieurs \u00e9l\u00e9ments :<\/p>\n<p>\u2013 l\u2019utilisation du terme \u00ab musulman \u00bb \u00e0 la place du terme \u00ab arabe \u00bb, alors m\u00eame que tout le monde comprend bien que le terme \u00ab musulman \u00bb d\u00e9signe bel et bien les \u00ab Arabes \u00bb.<\/p>\n<p>\u2013 l\u2019occultation d\u2019une dimension raciste, notamment concernant le rapport de la France aux Arabes ; une occultation d\u2019autant plus facile que la porte d\u2019entr\u00e9e religieuse permet de masquer le racisme derri\u00e8re la d\u00e9fense de la la\u00efcit\u00e9.<\/p>\n<p><strong>Une action primordiale<\/strong><\/p>\n<p>L\u2019action de ces jeunes est primordiale afin que d\u2019autres jeunes s\u2019identifient \u00e0 eux et, surmontant la violence des r\u00e9seaux sociaux ou des pairs qui peut se d\u00e9ployer d\u00e8s que l\u2019on oeuvre \u00e0 la fraternit\u00e9, les amener \u00e0 s\u2019affirmer dans l\u2019espace public, intime et militant comme acteurs du vivre ensemble. Pour que l\u2019identification fonctionne, les jeunes doivent \u00eatre capables de \u00ab mettre du leur \u00bb, en parlant des r\u00e9cits familiaux, des r\u00e9cits collectifs, des mythes dont ils sont porteurs. Ils doivent \u00eatre \u00e9galement capables de connecter leur \u00ab petite histoire \u00bb \u00e0 la \u00ab grande histoire \u00bb (et ainsi permettre aux jeunes de comprendre de quelles dynamiques ils sont le produit, la question des relations Juifs-Arabes ou de la pr\u00e9sence des Arabes et des Juifs s\u00e9pharades en France ne pouvant pleinement s\u2019expliquer sans la prise en consid\u00e9ration des r\u00e9alit\u00e9s au sein desquelles leurs a\u00efeux ont \u00e9t\u00e9 plong\u00e9s).<\/p>\n<p>Les jeunes devront aussi \u00eatre capables de mettre du \u00ab nous \u00bb g\u00e9n\u00e9rationnel, inclusif de toute la jeunesse de France et ainsi parler de leur exp\u00e9rience quotidienne, de leur d\u00e9sir commun de faire soci\u00e9t\u00e9, de vivre ensemble dans la fraternit\u00e9 en refusant les logiques de haine.<\/p>\n<p><strong>Ce projet est en partenariat avec l\u2019Union des Etudiants Juifs de France, Jalons pour la Paix, Scouts Musulmans de France, \u00c9claireuses et \u00e9claireurs Isra\u00e9lites de France et la Fondation pour la M\u00e9moire de la Shoah.<\/strong><\/p>\n<\/div><\/div><\/div><\/div><\/div>\n","protected":false},"excerpt":{"rendered":"","protected":false},"author":3,"featured_media":2259,"comment_status":"open","ping_status":"open","sticky":false,"template":"","format":"standard","meta":{"footnotes":""},"categories":[199],"tags":[],"class_list":["post-2258","post","type-post","status-publish","format-standard","has-post-thumbnail","hentry","category-projets"],"aioseo_notices":[],"_links":{"self":[{"href":"https:\/\/sosracismemoselle.org\/index.php\/wp-json\/wp\/v2\/posts\/2258","targetHints":{"allow":["GET"]}}],"collection":[{"href":"https:\/\/sosracismemoselle.org\/index.php\/wp-json\/wp\/v2\/posts"}],"about":[{"href":"https:\/\/sosracismemoselle.org\/index.php\/wp-json\/wp\/v2\/types\/post"}],"author":[{"embeddable":true,"href":"https:\/\/sosracismemoselle.org\/index.php\/wp-json\/wp\/v2\/users\/3"}],"replies":[{"embeddable":true,"href":"https:\/\/sosracismemoselle.org\/index.php\/wp-json\/wp\/v2\/comments?post=2258"}],"version-history":[{"count":3,"href":"https:\/\/sosracismemoselle.org\/index.php\/wp-json\/wp\/v2\/posts\/2258\/revisions"}],"predecessor-version":[{"id":2337,"href":"https:\/\/sosracismemoselle.org\/index.php\/wp-json\/wp\/v2\/posts\/2258\/revisions\/2337"}],"wp:featuredmedia":[{"embeddable":true,"href":"https:\/\/sosracismemoselle.org\/index.php\/wp-json\/wp\/v2\/media\/2259"}],"wp:attachment":[{"href":"https:\/\/sosracismemoselle.org\/index.php\/wp-json\/wp\/v2\/media?parent=2258"}],"wp:term":[{"taxonomy":"category","embeddable":true,"href":"https:\/\/sosracismemoselle.org\/index.php\/wp-json\/wp\/v2\/categories?post=2258"},{"taxonomy":"post_tag","embeddable":true,"href":"https:\/\/sosracismemoselle.org\/index.php\/wp-json\/wp\/v2\/tags?post=2258"}],"curies":[{"name":"wp","href":"https:\/\/api.w.org\/{rel}","templated":true}]}}