{"id":2239,"date":"2024-10-17T13:16:54","date_gmt":"2024-10-17T11:16:54","guid":{"rendered":"https:\/\/sosracismemoselle.org\/?p=2239"},"modified":"2025-08-27T18:47:14","modified_gmt":"2025-08-27T16:47:14","slug":"projet-1","status":"publish","type":"post","link":"https:\/\/sosracismemoselle.org\/index.php\/2024\/10\/17\/projet-1\/","title":{"rendered":"Festival UniVers"},"content":{"rendered":"<div class=\"fusion-fullwidth fullwidth-box fusion-builder-row-1 fusion-flex-container has-pattern-background has-mask-background nonhundred-percent-fullwidth non-hundred-percent-height-scrolling\" style=\"--awb-border-radius-top-left:0px;--awb-border-radius-top-right:0px;--awb-border-radius-bottom-right:0px;--awb-border-radius-bottom-left:0px;--awb-flex-wrap:wrap;\" ><div class=\"fusion-builder-row fusion-row fusion-flex-align-items-flex-start fusion-flex-content-wrap\" style=\"max-width:1123.2px;margin-left: calc(-4% \/ 2 );margin-right: calc(-4% \/ 2 );\"><div class=\"fusion-layout-column fusion_builder_column fusion-builder-column-0 fusion_builder_column_1_1 1_1 fusion-flex-column\" style=\"--awb-bg-size:cover;--awb-width-large:100%;--awb-margin-top-large:0px;--awb-spacing-right-large:1.92%;--awb-margin-bottom-large:20px;--awb-spacing-left-large:1.92%;--awb-width-medium:100%;--awb-order-medium:0;--awb-spacing-right-medium:1.92%;--awb-spacing-left-medium:1.92%;--awb-width-small:100%;--awb-order-small:0;--awb-spacing-right-small:1.92%;--awb-spacing-left-small:1.92%;\"><div class=\"fusion-column-wrapper fusion-column-has-shadow fusion-flex-justify-content-flex-start fusion-content-layout-column\"><div class=\"fusion-title title fusion-title-1 fusion-sep-none fusion-title-text fusion-title-size-one\"><h1 class=\"fusion-title-heading title-heading-left\" style=\"margin:0;\">\u00c9GALIT\u00c9 &#8211; ADELPHIT\u00c9 &#8211; DIVERSIT\u00c9<\/h1><\/div><div class=\"fusion-text fusion-text-1\"><p><strong>Festival UniVers 2025 : C\u00e9l\u00e9brons l\u2019\u00c9galit\u00e9, la Adelphit\u00e9 et la Diversit\u00e9<\/strong><\/p>\n<p>Nous sommes ravis de vous annoncer le <strong>Festival UniVers 2025<\/strong>, un \u00e9v\u00e9nement incontournable qui se d\u00e9roulera du <strong>19 au 20 septembre 2025<\/strong>. Organis\u00e9 par notre association dans le cadre de nos actions contre les discriminations, ce festival est un espace de r\u00e9flexion, de partage et de c\u00e9l\u00e9bration des valeurs d&#8217;<strong>\u00e9galit\u00e9<\/strong>, d&#8217;<strong>adelphit\u00e9<\/strong> et de <strong>diversit\u00e9<\/strong>.<\/p>\n<p>Pendant ces deux jours, plongez dans un programme riche et vari\u00e9 qui allie culture, \u00e9ducation et divertissement. Vous aurez l\u2019occasion d\u2019assister \u00e0 des <strong>conf\u00e9rences inspirantes<\/strong>, d&#8217;explorer des <strong>d\u00e9bats<\/strong> passionnants sur des enjeux actuels, et de profiter de <strong>spectacles<\/strong>, <strong>films<\/strong> et <strong>performances de danse.<\/strong><\/p>\n<p>Le <strong>Festival UniVers<\/strong> a pour objectif de promouvoir un monde plus inclusif et de sensibiliser le public aux diff\u00e9rents visages de la lutte contre les discriminations. Rejoignez-nous pour c\u00e9l\u00e9brer l\u2019unit\u00e9 dans la diversit\u00e9 et participer \u00e0 cet \u00e9v\u00e9nement qui allie engagement et convivialit\u00e9.<\/p>\n<p>Rendez-vous les 19 et 20 septembre pour deux jours de rencontres et de d\u00e9couvertes qui feront vibrer notre r\u00e9gion !<\/p>\n<\/div><\/div><\/div><\/div><\/div>\n","protected":false},"excerpt":{"rendered":"","protected":false},"author":5,"featured_media":2168,"comment_status":"open","ping_status":"open","sticky":false,"template":"","format":"standard","meta":{"footnotes":""},"categories":[199],"tags":[],"class_list":["post-2239","post","type-post","status-publish","format-standard","has-post-thumbnail","hentry","category-projets"],"aioseo_notices":[],"_links":{"self":[{"href":"https:\/\/sosracismemoselle.org\/index.php\/wp-json\/wp\/v2\/posts\/2239","targetHints":{"allow":["GET"]}}],"collection":[{"href":"https:\/\/sosracismemoselle.org\/index.php\/wp-json\/wp\/v2\/posts"}],"about":[{"href":"https:\/\/sosracismemoselle.org\/index.php\/wp-json\/wp\/v2\/types\/post"}],"author":[{"embeddable":true,"href":"https:\/\/sosracismemoselle.org\/index.php\/wp-json\/wp\/v2\/users\/5"}],"replies":[{"embeddable":true,"href":"https:\/\/sosracismemoselle.org\/index.php\/wp-json\/wp\/v2\/comments?post=2239"}],"version-history":[{"count":6,"href":"https:\/\/sosracismemoselle.org\/index.php\/wp-json\/wp\/v2\/posts\/2239\/revisions"}],"predecessor-version":[{"id":2366,"href":"https:\/\/sosracismemoselle.org\/index.php\/wp-json\/wp\/v2\/posts\/2239\/revisions\/2366"}],"wp:featuredmedia":[{"embeddable":true,"href":"https:\/\/sosracismemoselle.org\/index.php\/wp-json\/wp\/v2\/media\/2168"}],"wp:attachment":[{"href":"https:\/\/sosracismemoselle.org\/index.php\/wp-json\/wp\/v2\/media?parent=2239"}],"wp:term":[{"taxonomy":"category","embeddable":true,"href":"https:\/\/sosracismemoselle.org\/index.php\/wp-json\/wp\/v2\/categories?post=2239"},{"taxonomy":"post_tag","embeddable":true,"href":"https:\/\/sosracismemoselle.org\/index.php\/wp-json\/wp\/v2\/tags?post=2239"}],"curies":[{"name":"wp","href":"https:\/\/api.w.org\/{rel}","templated":true}]}}