{"id":2224,"date":"2023-10-13T13:05:20","date_gmt":"2023-10-13T11:05:20","guid":{"rendered":"https:\/\/sosracismemoselle.org\/?p=2224"},"modified":"2024-10-26T16:34:48","modified_gmt":"2024-10-26T14:34:48","slug":"actions-juridiques","status":"publish","type":"post","link":"https:\/\/sosracismemoselle.org\/index.php\/2023\/10\/13\/actions-juridiques\/","title":{"rendered":"Agression verbale du d\u00e9put\u00e9 RN Laurent Jacobelli contre le d\u00e9put\u00e9  Belkhir Belhaddad"},"content":{"rendered":"<div class=\"fusion-fullwidth fullwidth-box fusion-builder-row-1 fusion-flex-container has-pattern-background has-mask-background nonhundred-percent-fullwidth non-hundred-percent-height-scrolling\" style=\"--awb-border-radius-top-left:0px;--awb-border-radius-top-right:0px;--awb-border-radius-bottom-right:0px;--awb-border-radius-bottom-left:0px;--awb-flex-wrap:wrap;\" ><div class=\"fusion-builder-row fusion-row fusion-flex-align-items-flex-start fusion-flex-content-wrap\" style=\"max-width:1123.2px;margin-left: calc(-4% \/ 2 );margin-right: calc(-4% \/ 2 );\"><div class=\"fusion-layout-column fusion_builder_column fusion-builder-column-0 fusion_builder_column_1_1 1_1 fusion-flex-column\" style=\"--awb-bg-size:cover;--awb-width-large:100%;--awb-margin-top-large:0px;--awb-spacing-right-large:1.92%;--awb-margin-bottom-large:20px;--awb-spacing-left-large:1.92%;--awb-width-medium:100%;--awb-order-medium:0;--awb-spacing-right-medium:1.92%;--awb-spacing-left-medium:1.92%;--awb-width-small:100%;--awb-order-small:0;--awb-spacing-right-small:1.92%;--awb-spacing-left-small:1.92%;\"><div class=\"fusion-column-wrapper fusion-column-has-shadow fusion-flex-justify-content-flex-start fusion-content-layout-column\"><div class=\"fusion-text fusion-text-1\"><p>Le 13 octobre 2023, lors de la visite du Ministre Olivier V\u00e9ran \u00e0 Hayange, le d\u00e9put\u00e9 du Rassemblement National, Laurent Jacobelli, a prof\u00e9r\u00e9 des propos agressifs et racistes envers son homologue Belkhir Belhaddad. Il lui a lanc\u00e9 : &#8220;Moi aussi je peux venir foutre la merde chez toi&#8221; tout en lui demandant de mani\u00e8re provocatrice : &#8220;Il va bien le Hamas ?&#8221;.<\/p>\n<p>Cette attaque verbale ne laisse aucun doute quant au caract\u00e8re discriminatoire de l&#8217;incident. Monsieur Jacobelli a manifestement cibl\u00e9 Monsieur Belhaddad en raison de ses origines maghr\u00e9bines, faisant ainsi une lamentable association entre ses racines et l&#8217;affiliation \u00e0 une organisation terroriste telle que le Hamas.<\/p>\n<p>Il est pr\u00e9occupant de constater que de tels rapprochements discriminatoires sont faits en politique, notamment par des repr\u00e9sentants \u00e9lus. L&#8217;extr\u00eame-droite, une fois de plus, a montr\u00e9 qu&#8217;elle privil\u00e9gie les amalgames douteux et les discours indignes plut\u00f4t que la promotion d&#8217;un d\u00e9bat d\u00e9mocratique respectueux et constructif.<\/p>\n<p>Cette r\u00e9f\u00e9rence douteuse au Hamas est d&#8217;autant plus inappropri\u00e9e alors que des vies ont r\u00e9cemment \u00e9t\u00e9 perdues, et que nous sommes toujours en p\u00e9riode de deuil.<\/p>\n<p>L&#8217;association SOS Racisme exprime son soutien sans r\u00e9serve au d\u00e9put\u00e9 Belkhir Belhaddad et se r\u00e9serve le droit d&#8217;envisager toutes les actions judiciaires appropri\u00e9es.<\/p>\n<\/div><\/div><\/div><\/div><\/div>\n","protected":false},"excerpt":{"rendered":"","protected":false},"author":5,"featured_media":2319,"comment_status":"open","ping_status":"open","sticky":false,"template":"","format":"standard","meta":{"footnotes":""},"categories":[197,194],"tags":[],"class_list":["post-2224","post","type-post","status-publish","format-standard","has-post-thumbnail","hentry","category-actions-juridiques","category-nos-actions"],"aioseo_notices":[],"_links":{"self":[{"href":"https:\/\/sosracismemoselle.org\/index.php\/wp-json\/wp\/v2\/posts\/2224","targetHints":{"allow":["GET"]}}],"collection":[{"href":"https:\/\/sosracismemoselle.org\/index.php\/wp-json\/wp\/v2\/posts"}],"about":[{"href":"https:\/\/sosracismemoselle.org\/index.php\/wp-json\/wp\/v2\/types\/post"}],"author":[{"embeddable":true,"href":"https:\/\/sosracismemoselle.org\/index.php\/wp-json\/wp\/v2\/users\/5"}],"replies":[{"embeddable":true,"href":"https:\/\/sosracismemoselle.org\/index.php\/wp-json\/wp\/v2\/comments?post=2224"}],"version-history":[{"count":7,"href":"https:\/\/sosracismemoselle.org\/index.php\/wp-json\/wp\/v2\/posts\/2224\/revisions"}],"predecessor-version":[{"id":2284,"href":"https:\/\/sosracismemoselle.org\/index.php\/wp-json\/wp\/v2\/posts\/2224\/revisions\/2284"}],"wp:featuredmedia":[{"embeddable":true,"href":"https:\/\/sosracismemoselle.org\/index.php\/wp-json\/wp\/v2\/media\/2319"}],"wp:attachment":[{"href":"https:\/\/sosracismemoselle.org\/index.php\/wp-json\/wp\/v2\/media?parent=2224"}],"wp:term":[{"taxonomy":"category","embeddable":true,"href":"https:\/\/sosracismemoselle.org\/index.php\/wp-json\/wp\/v2\/categories?post=2224"},{"taxonomy":"post_tag","embeddable":true,"href":"https:\/\/sosracismemoselle.org\/index.php\/wp-json\/wp\/v2\/tags?post=2224"}],"curies":[{"name":"wp","href":"https:\/\/api.w.org\/{rel}","templated":true}]}}